{"id":957,"date":"2018-06-17T09:41:41","date_gmt":"2018-06-17T09:41:41","guid":{"rendered":"http:\/\/iesolajara.es\/?p=957"},"modified":"2018-06-17T09:41:41","modified_gmt":"2018-06-17T09:41:41","slug":"ya-tenemos-madrina","status":"publish","type":"post","link":"https:\/\/iesolajara.es\/?p=957","title":{"rendered":"\u00a1Ya tenemos madrina!"},"content":{"rendered":"<p>Nuestra querida profesora de Lengua y Literatura, Ana Garc\u00eda, ha sido elegida por los alumnos de cuarto para ser la madrina en su d\u00eda de graduaci\u00f3n. \u00a1Qu\u00e9 bonita sorpresa recibi\u00f3 en la puerta de la sala de profes! Una muestra m\u00e1s de lo mucho que la quieren estos chicos\u2026<\/p>\n<p>Dice encontrarse nerviosa por el acontecimiento, afirmando que no le gusta hablar en p\u00fablico (a cualquiera le ocurrir\u00eda\u2026) De sus dotes literarias no dudamos, pero creo que en el fondo nos da igual lo que escriba o diga, ya que la consideramos una magn\u00edfica persona, profesora y amiga.<\/p>\n<p>Ana, te queremos<\/p>\n<p>Feliz cumplea\u00f1os<\/p>\n<p><img loading=\"lazy\" decoding=\"async\" class=\"alignnone size-medium wp-image-958\" src=\"http:\/\/iesolajara.es\/wp-content\/uploads\/2018\/06\/IMG_8401-e1529228390267-225x300.jpg\" alt=\"\" width=\"225\" height=\"300\" srcset=\"https:\/\/iesolajara.es\/wp-content\/uploads\/2018\/06\/IMG_8401-e1529228390267-225x300.jpg 225w, https:\/\/iesolajara.es\/wp-content\/uploads\/2018\/06\/IMG_8401-e1529228390267-768x1024.jpg 768w, https:\/\/iesolajara.es\/wp-content\/uploads\/2018\/06\/IMG_8401-e1529228390267.jpg 1536w\" sizes=\"auto, (max-width: 225px) 100vw, 225px\" \/><\/p>\n","protected":false},"excerpt":{"rendered":"<div class=\"mh-excerpt\"><p>Nuestra querida profesora de Lengua y Literatura, Ana Garc\u00eda, ha sido elegida por los alumnos de cuarto para ser la madrina en su d\u00eda de <a class=\"mh-excerpt-more\" href=\"https:\/\/iesolajara.es\/?p=957\" title=\"\u00a1Ya tenemos madrina!\">[&#8230;]<\/a><\/p>\n<\/div>","protected":false},"author":2,"featured_media":959,"comment_status":"open","ping_status":"open","sticky":false,"template":"","format":"standard","meta":{"footnotes":""},"categories":[1],"tags":[],"class_list":["post-957","post","type-post","status-publish","format-standard","has-post-thumbnail","hentry","category-general"],"_links":{"self":[{"href":"https:\/\/iesolajara.es\/index.php?rest_route=\/wp\/v2\/posts\/957","targetHints":{"allow":["GET"]}}],"collection":[{"href":"https:\/\/iesolajara.es\/index.php?rest_route=\/wp\/v2\/posts"}],"about":[{"href":"https:\/\/iesolajara.es\/index.php?rest_route=\/wp\/v2\/types\/post"}],"author":[{"embeddable":true,"href":"https:\/\/iesolajara.es\/index.php?rest_route=\/wp\/v2\/users\/2"}],"replies":[{"embeddable":true,"href":"https:\/\/iesolajara.es\/index.php?rest_route=%2Fwp%2Fv2%2Fcomments&post=957"}],"version-history":[{"count":1,"href":"https:\/\/iesolajara.es\/index.php?rest_route=\/wp\/v2\/posts\/957\/revisions"}],"predecessor-version":[{"id":960,"href":"https:\/\/iesolajara.es\/index.php?rest_route=\/wp\/v2\/posts\/957\/revisions\/960"}],"wp:featuredmedia":[{"embeddable":true,"href":"https:\/\/iesolajara.es\/index.php?rest_route=\/wp\/v2\/media\/959"}],"wp:attachment":[{"href":"https:\/\/iesolajara.es\/index.php?rest_route=%2Fwp%2Fv2%2Fmedia&parent=957"}],"wp:term":[{"taxonomy":"category","embeddable":true,"href":"https:\/\/iesolajara.es\/index.php?rest_route=%2Fwp%2Fv2%2Fcategories&post=957"},{"taxonomy":"post_tag","embeddable":true,"href":"https:\/\/iesolajara.es\/index.php?rest_route=%2Fwp%2Fv2%2Ftags&post=957"}],"curies":[{"name":"wp","href":"https:\/\/api.w.org\/{rel}","templated":true}]}}