{"id":901,"date":"2018-05-25T09:29:07","date_gmt":"2018-05-25T09:29:07","guid":{"rendered":"http:\/\/iesolajara.es\/?p=901"},"modified":"2018-05-25T10:31:25","modified_gmt":"2018-05-25T10:31:25","slug":"exposicion-de-texturas-de-1oeso","status":"publish","type":"post","link":"https:\/\/iesolajara.es\/?p=901","title":{"rendered":"Exposici\u00f3n de texturas de 1\u00baESO"},"content":{"rendered":"<p>El vest\u00edbulo del centro expone estos d\u00edas unos trabajos de texturas dirigidos por nuestra profesora de Educaci\u00f3n Pl\u00e1stica y Visual, Carmina Rubio, que destaca la creatividad con la que se han ejecutado.<\/p>\n<div id='gallery-1' class='gallery galleryid-901 gallery-columns-3 gallery-size-medium'><figure class='gallery-item'>\n\t\t\t<div class='gallery-icon portrait'>\n\t\t\t\t<a href='https:\/\/iesolajara.es\/?attachment_id=907'><img loading=\"lazy\" decoding=\"async\" width=\"225\" height=\"300\" src=\"https:\/\/iesolajara.es\/wp-content\/uploads\/2018\/05\/IMG_20180525_104323-225x300.jpg\" class=\"attachment-medium size-medium\" alt=\"\" aria-describedby=\"gallery-1-907\" srcset=\"https:\/\/iesolajara.es\/wp-content\/uploads\/2018\/05\/IMG_20180525_104323-225x300.jpg 225w, https:\/\/iesolajara.es\/wp-content\/uploads\/2018\/05\/IMG_20180525_104323.jpg 605w\" sizes=\"auto, (max-width: 225px) 100vw, 225px\" \/><\/a>\n\t\t\t<\/div>\n\t\t\t\t<figcaption class='wp-caption-text gallery-caption' id='gallery-1-907'>\n\t\t\t\tTexturas 1\u00baESO mayo 2018\n\t\t\t\t<\/figcaption><\/figure><figure class='gallery-item'>\n\t\t\t<div class='gallery-icon portrait'>\n\t\t\t\t<a href='https:\/\/iesolajara.es\/?attachment_id=906'><img loading=\"lazy\" decoding=\"async\" width=\"225\" height=\"300\" src=\"https:\/\/iesolajara.es\/wp-content\/uploads\/2018\/05\/IMG_20180525_104235-225x300.jpg\" class=\"attachment-medium size-medium\" alt=\"\" aria-describedby=\"gallery-1-906\" srcset=\"https:\/\/iesolajara.es\/wp-content\/uploads\/2018\/05\/IMG_20180525_104235-225x300.jpg 225w, https:\/\/iesolajara.es\/wp-content\/uploads\/2018\/05\/IMG_20180525_104235.jpg 605w\" sizes=\"auto, (max-width: 225px) 100vw, 225px\" \/><\/a>\n\t\t\t<\/div>\n\t\t\t\t<figcaption class='wp-caption-text gallery-caption' id='gallery-1-906'>\n\t\t\t\tTexturas 1\u00baESO mayo 2018 5\n\n\t\t\t\t<\/figcaption><\/figure><figure class='gallery-item'>\n\t\t\t<div class='gallery-icon portrait'>\n\t\t\t\t<a href='https:\/\/iesolajara.es\/?attachment_id=905'><img loading=\"lazy\" decoding=\"async\" width=\"225\" height=\"300\" src=\"https:\/\/iesolajara.es\/wp-content\/uploads\/2018\/05\/IMG_20180525_104222-225x300.jpg\" class=\"attachment-medium size-medium\" alt=\"\" aria-describedby=\"gallery-1-905\" srcset=\"https:\/\/iesolajara.es\/wp-content\/uploads\/2018\/05\/IMG_20180525_104222-225x300.jpg 225w, https:\/\/iesolajara.es\/wp-content\/uploads\/2018\/05\/IMG_20180525_104222.jpg 605w\" sizes=\"auto, (max-width: 225px) 100vw, 225px\" \/><\/a>\n\t\t\t<\/div>\n\t\t\t\t<figcaption class='wp-caption-text gallery-caption' id='gallery-1-905'>\n\t\t\t\tTexturas 1\u00baESO mayo 2018 4\n\n\t\t\t\t<\/figcaption><\/figure><figure class='gallery-item'>\n\t\t\t<div class='gallery-icon portrait'>\n\t\t\t\t<a href='https:\/\/iesolajara.es\/?attachment_id=904'><img loading=\"lazy\" decoding=\"async\" width=\"225\" height=\"300\" src=\"https:\/\/iesolajara.es\/wp-content\/uploads\/2018\/05\/IMG_20180525_104211-225x300.jpg\" class=\"attachment-medium size-medium\" alt=\"\" aria-describedby=\"gallery-1-904\" srcset=\"https:\/\/iesolajara.es\/wp-content\/uploads\/2018\/05\/IMG_20180525_104211-225x300.jpg 225w, https:\/\/iesolajara.es\/wp-content\/uploads\/2018\/05\/IMG_20180525_104211.jpg 605w\" sizes=\"auto, (max-width: 225px) 100vw, 225px\" \/><\/a>\n\t\t\t<\/div>\n\t\t\t\t<figcaption class='wp-caption-text gallery-caption' id='gallery-1-904'>\n\t\t\t\tTexturas 1\u00baESO mayo 2018 3\n\t\t\t\t<\/figcaption><\/figure><figure class='gallery-item'>\n\t\t\t<div class='gallery-icon portrait'>\n\t\t\t\t<a href='https:\/\/iesolajara.es\/?attachment_id=903'><img loading=\"lazy\" decoding=\"async\" width=\"225\" height=\"300\" src=\"https:\/\/iesolajara.es\/wp-content\/uploads\/2018\/05\/IMG_20180525_104201-225x300.jpg\" class=\"attachment-medium size-medium\" alt=\"\" aria-describedby=\"gallery-1-903\" srcset=\"https:\/\/iesolajara.es\/wp-content\/uploads\/2018\/05\/IMG_20180525_104201-225x300.jpg 225w, https:\/\/iesolajara.es\/wp-content\/uploads\/2018\/05\/IMG_20180525_104201.jpg 605w\" sizes=\"auto, (max-width: 225px) 100vw, 225px\" \/><\/a>\n\t\t\t<\/div>\n\t\t\t\t<figcaption class='wp-caption-text gallery-caption' id='gallery-1-903'>\n\t\t\t\tTexturas 1\u00baESO mayo 2018 2\n\t\t\t\t<\/figcaption><\/figure><figure class='gallery-item'>\n\t\t\t<div class='gallery-icon portrait'>\n\t\t\t\t<a href='https:\/\/iesolajara.es\/?attachment_id=902'><img loading=\"lazy\" decoding=\"async\" width=\"225\" height=\"300\" src=\"https:\/\/iesolajara.es\/wp-content\/uploads\/2018\/05\/IMG_20180525_104149-225x300.jpg\" class=\"attachment-medium size-medium\" alt=\"\" aria-describedby=\"gallery-1-902\" srcset=\"https:\/\/iesolajara.es\/wp-content\/uploads\/2018\/05\/IMG_20180525_104149-225x300.jpg 225w, https:\/\/iesolajara.es\/wp-content\/uploads\/2018\/05\/IMG_20180525_104149.jpg 605w\" sizes=\"auto, (max-width: 225px) 100vw, 225px\" \/><\/a>\n\t\t\t<\/div>\n\t\t\t\t<figcaption class='wp-caption-text gallery-caption' id='gallery-1-902'>\n\t\t\t\tTexturas 1\u00baESO mayo 2018 1\n\t\t\t\t<\/figcaption><\/figure>\n\t\t<\/div>\n\n<p>\u00a1Enhorabuena a todos!<\/p>\n","protected":false},"excerpt":{"rendered":"<div class=\"mh-excerpt\"><p>El vest\u00edbulo del centro expone estos d\u00edas unos trabajos de texturas dirigidos por nuestra profesora de Educaci\u00f3n Pl\u00e1stica y Visual, Carmina Rubio, que destaca la <a class=\"mh-excerpt-more\" href=\"https:\/\/iesolajara.es\/?p=901\" title=\"Exposici\u00f3n de texturas de 1\u00baESO\">[&#8230;]<\/a><\/p>\n<\/div>","protected":false},"author":4,"featured_media":907,"comment_status":"open","ping_status":"open","sticky":false,"template":"","format":"standard","meta":{"footnotes":""},"categories":[1],"tags":[23,24],"class_list":["post-901","post","type-post","status-publish","format-standard","has-post-thumbnail","hentry","category-general","tag-plastica","tag-texturas"],"_links":{"self":[{"href":"https:\/\/iesolajara.es\/index.php?rest_route=\/wp\/v2\/posts\/901","targetHints":{"allow":["GET"]}}],"collection":[{"href":"https:\/\/iesolajara.es\/index.php?rest_route=\/wp\/v2\/posts"}],"about":[{"href":"https:\/\/iesolajara.es\/index.php?rest_route=\/wp\/v2\/types\/post"}],"author":[{"embeddable":true,"href":"https:\/\/iesolajara.es\/index.php?rest_route=\/wp\/v2\/users\/4"}],"replies":[{"embeddable":true,"href":"https:\/\/iesolajara.es\/index.php?rest_route=%2Fwp%2Fv2%2Fcomments&post=901"}],"version-history":[{"count":4,"href":"https:\/\/iesolajara.es\/index.php?rest_route=\/wp\/v2\/posts\/901\/revisions"}],"predecessor-version":[{"id":913,"href":"https:\/\/iesolajara.es\/index.php?rest_route=\/wp\/v2\/posts\/901\/revisions\/913"}],"wp:featuredmedia":[{"embeddable":true,"href":"https:\/\/iesolajara.es\/index.php?rest_route=\/wp\/v2\/media\/907"}],"wp:attachment":[{"href":"https:\/\/iesolajara.es\/index.php?rest_route=%2Fwp%2Fv2%2Fmedia&parent=901"}],"wp:term":[{"taxonomy":"category","embeddable":true,"href":"https:\/\/iesolajara.es\/index.php?rest_route=%2Fwp%2Fv2%2Fcategories&post=901"},{"taxonomy":"post_tag","embeddable":true,"href":"https:\/\/iesolajara.es\/index.php?rest_route=%2Fwp%2Fv2%2Ftags&post=901"}],"curies":[{"name":"wp","href":"https:\/\/api.w.org\/{rel}","templated":true}]}}