{"id":850,"date":"2018-05-12T15:46:11","date_gmt":"2018-05-12T15:46:11","guid":{"rendered":"http:\/\/iesolajara.es\/?p=850"},"modified":"2018-06-10T18:36:40","modified_gmt":"2018-06-10T18:36:40","slug":"montamos-a-caballo","status":"publish","type":"post","link":"https:\/\/iesolajara.es\/?p=850","title":{"rendered":"Montamos a caballo"},"content":{"rendered":"<p style=\"text-align: left;\">Fant\u00e1stica actividad para la iniciaci\u00f3n a la h\u00edpica fue la que disfrutaron nuestros alumnos del IESO la Jara el martes 8 de mayo, organizada conjuntamente entre la Junta de Comunidades de Castilla-La Mancha y la Diputaci\u00f3n Provincial de Cuenca, en las instalaciones del Club H\u00edpico Fierro y con la que se introdujeron en el apasionante mundo del caballo.<\/p>\n<p style=\"text-align: left;\">En primer lugar, comenzaron con una toma de contacto inicial con los caballos, donde pudieron aprender aspectos b\u00e1sicos relativos al cuidado y trato del animal.<\/p>\n<p><img loading=\"lazy\" decoding=\"async\" class=\"size-medium wp-image-863 aligncenter\" src=\"http:\/\/iesolajara.es\/wp-content\/uploads\/2018\/05\/IMG_8534-2-300x225.jpg\" alt=\"\" width=\"300\" height=\"225\" srcset=\"https:\/\/iesolajara.es\/wp-content\/uploads\/2018\/05\/IMG_8534-2-300x225.jpg 300w, https:\/\/iesolajara.es\/wp-content\/uploads\/2018\/05\/IMG_8534-2-768x576.jpg 768w, https:\/\/iesolajara.es\/wp-content\/uploads\/2018\/05\/IMG_8534-2-1024x768.jpg 1024w, https:\/\/iesolajara.es\/wp-content\/uploads\/2018\/05\/IMG_8534-2-678x509.jpg 678w, https:\/\/iesolajara.es\/wp-content\/uploads\/2018\/05\/IMG_8534-2-326x245.jpg 326w, https:\/\/iesolajara.es\/wp-content\/uploads\/2018\/05\/IMG_8534-2-80x60.jpg 80w, https:\/\/iesolajara.es\/wp-content\/uploads\/2018\/05\/IMG_8534-2.jpg 2048w\" sizes=\"auto, (max-width: 300px) 100vw, 300px\" \/><img loading=\"lazy\" decoding=\"async\" class=\"size-medium wp-image-862 aligncenter\" src=\"http:\/\/iesolajara.es\/wp-content\/uploads\/2018\/05\/IMG_8538-1-e1526137318755-225x300.jpg\" alt=\"\" width=\"225\" height=\"300\" srcset=\"https:\/\/iesolajara.es\/wp-content\/uploads\/2018\/05\/IMG_8538-1-e1526137318755-225x300.jpg 225w, https:\/\/iesolajara.es\/wp-content\/uploads\/2018\/05\/IMG_8538-1-e1526137318755-768x1024.jpg 768w, https:\/\/iesolajara.es\/wp-content\/uploads\/2018\/05\/IMG_8538-1-e1526137318755.jpg 1536w\" sizes=\"auto, (max-width: 225px) 100vw, 225px\" \/><img loading=\"lazy\" decoding=\"async\" class=\"size-medium wp-image-859 aligncenter\" src=\"http:\/\/iesolajara.es\/wp-content\/uploads\/2018\/05\/IMG_8537-300x225.jpg\" alt=\"\" width=\"300\" height=\"225\" srcset=\"https:\/\/iesolajara.es\/wp-content\/uploads\/2018\/05\/IMG_8537-300x225.jpg 300w, https:\/\/iesolajara.es\/wp-content\/uploads\/2018\/05\/IMG_8537-768x576.jpg 768w, https:\/\/iesolajara.es\/wp-content\/uploads\/2018\/05\/IMG_8537-1024x768.jpg 1024w, https:\/\/iesolajara.es\/wp-content\/uploads\/2018\/05\/IMG_8537-678x509.jpg 678w, https:\/\/iesolajara.es\/wp-content\/uploads\/2018\/05\/IMG_8537-326x245.jpg 326w, https:\/\/iesolajara.es\/wp-content\/uploads\/2018\/05\/IMG_8537-80x60.jpg 80w, https:\/\/iesolajara.es\/wp-content\/uploads\/2018\/05\/IMG_8537.jpg 2048w\" sizes=\"auto, (max-width: 300px) 100vw, 300px\" \/><img loading=\"lazy\" decoding=\"async\" class=\"size-medium wp-image-861 aligncenter\" src=\"http:\/\/iesolajara.es\/wp-content\/uploads\/2018\/05\/8a68b5e2-8312-4c8e-a849-2fe657b11125-300x225.jpg\" alt=\"\" width=\"300\" height=\"225\" srcset=\"https:\/\/iesolajara.es\/wp-content\/uploads\/2018\/05\/8a68b5e2-8312-4c8e-a849-2fe657b11125-300x225.jpg 300w, https:\/\/iesolajara.es\/wp-content\/uploads\/2018\/05\/8a68b5e2-8312-4c8e-a849-2fe657b11125-768x576.jpg 768w, https:\/\/iesolajara.es\/wp-content\/uploads\/2018\/05\/8a68b5e2-8312-4c8e-a849-2fe657b11125.jpg 1024w, https:\/\/iesolajara.es\/wp-content\/uploads\/2018\/05\/8a68b5e2-8312-4c8e-a849-2fe657b11125-678x509.jpg 678w, https:\/\/iesolajara.es\/wp-content\/uploads\/2018\/05\/8a68b5e2-8312-4c8e-a849-2fe657b11125-326x245.jpg 326w, https:\/\/iesolajara.es\/wp-content\/uploads\/2018\/05\/8a68b5e2-8312-4c8e-a849-2fe657b11125-80x60.jpg 80w\" sizes=\"auto, (max-width: 300px) 100vw, 300px\" \/><\/p>\n<p>La segunda actividad consist\u00eda en el trato directo con el caballo en movimiento, ayudados por Jose, primero gui\u00e1ndolo con una cuerda, para m\u00e1s tarde montarlo \u00fanicamente sujetos a las empu\u00f1aduras de la silla, para lo cual hab\u00eda que subir\u2026 \u00a1de un salto!<\/p>\n<p><img loading=\"lazy\" decoding=\"async\" class=\"size-medium wp-image-855 aligncenter\" src=\"http:\/\/iesolajara.es\/wp-content\/uploads\/2018\/05\/IMG_8549-300x225.jpg\" alt=\"\" width=\"300\" height=\"225\" srcset=\"https:\/\/iesolajara.es\/wp-content\/uploads\/2018\/05\/IMG_8549-300x225.jpg 300w, https:\/\/iesolajara.es\/wp-content\/uploads\/2018\/05\/IMG_8549-768x576.jpg 768w, https:\/\/iesolajara.es\/wp-content\/uploads\/2018\/05\/IMG_8549-1024x768.jpg 1024w, https:\/\/iesolajara.es\/wp-content\/uploads\/2018\/05\/IMG_8549-678x509.jpg 678w, https:\/\/iesolajara.es\/wp-content\/uploads\/2018\/05\/IMG_8549-326x245.jpg 326w, https:\/\/iesolajara.es\/wp-content\/uploads\/2018\/05\/IMG_8549-80x60.jpg 80w, https:\/\/iesolajara.es\/wp-content\/uploads\/2018\/05\/IMG_8549.jpg 2048w\" sizes=\"auto, (max-width: 300px) 100vw, 300px\" \/><img loading=\"lazy\" decoding=\"async\" class=\"size-medium wp-image-854 aligncenter\" src=\"http:\/\/iesolajara.es\/wp-content\/uploads\/2018\/05\/IMG_8552-300x225.jpg\" alt=\"\" width=\"300\" height=\"225\" srcset=\"https:\/\/iesolajara.es\/wp-content\/uploads\/2018\/05\/IMG_8552-300x225.jpg 300w, https:\/\/iesolajara.es\/wp-content\/uploads\/2018\/05\/IMG_8552-768x576.jpg 768w, https:\/\/iesolajara.es\/wp-content\/uploads\/2018\/05\/IMG_8552-1024x768.jpg 1024w, https:\/\/iesolajara.es\/wp-content\/uploads\/2018\/05\/IMG_8552-678x509.jpg 678w, https:\/\/iesolajara.es\/wp-content\/uploads\/2018\/05\/IMG_8552-326x245.jpg 326w, https:\/\/iesolajara.es\/wp-content\/uploads\/2018\/05\/IMG_8552-80x60.jpg 80w, https:\/\/iesolajara.es\/wp-content\/uploads\/2018\/05\/IMG_8552.jpg 2048w\" sizes=\"auto, (max-width: 300px) 100vw, 300px\" \/><img loading=\"lazy\" decoding=\"async\" class=\"size-medium wp-image-853 aligncenter\" src=\"http:\/\/iesolajara.es\/wp-content\/uploads\/2018\/05\/IMG_8556-300x225.jpg\" alt=\"\" width=\"300\" height=\"225\" srcset=\"https:\/\/iesolajara.es\/wp-content\/uploads\/2018\/05\/IMG_8556-300x225.jpg 300w, https:\/\/iesolajara.es\/wp-content\/uploads\/2018\/05\/IMG_8556-768x576.jpg 768w, https:\/\/iesolajara.es\/wp-content\/uploads\/2018\/05\/IMG_8556-1024x768.jpg 1024w, https:\/\/iesolajara.es\/wp-content\/uploads\/2018\/05\/IMG_8556-678x509.jpg 678w, https:\/\/iesolajara.es\/wp-content\/uploads\/2018\/05\/IMG_8556-326x245.jpg 326w, https:\/\/iesolajara.es\/wp-content\/uploads\/2018\/05\/IMG_8556-80x60.jpg 80w, https:\/\/iesolajara.es\/wp-content\/uploads\/2018\/05\/IMG_8556.jpg 2048w\" sizes=\"auto, (max-width: 300px) 100vw, 300px\" \/><\/p>\n<p><img loading=\"lazy\" decoding=\"async\" class=\"alignnone size-medium wp-image-880 aligncenter\" src=\"http:\/\/iesolajara.es\/wp-content\/uploads\/2018\/05\/IMG_8559-300x225.jpg\" alt=\"\" width=\"300\" height=\"225\" srcset=\"https:\/\/iesolajara.es\/wp-content\/uploads\/2018\/05\/IMG_8559-300x225.jpg 300w, https:\/\/iesolajara.es\/wp-content\/uploads\/2018\/05\/IMG_8559-768x576.jpg 768w, https:\/\/iesolajara.es\/wp-content\/uploads\/2018\/05\/IMG_8559-1024x768.jpg 1024w, https:\/\/iesolajara.es\/wp-content\/uploads\/2018\/05\/IMG_8559-678x509.jpg 678w, https:\/\/iesolajara.es\/wp-content\/uploads\/2018\/05\/IMG_8559-326x245.jpg 326w, https:\/\/iesolajara.es\/wp-content\/uploads\/2018\/05\/IMG_8559-80x60.jpg 80w, https:\/\/iesolajara.es\/wp-content\/uploads\/2018\/05\/IMG_8559.jpg 2048w\" sizes=\"auto, (max-width: 300px) 100vw, 300px\" \/><\/p>\n<p>&nbsp;<\/p>\n<p>Para finalizar, contamos con un grupo de caballos de competici\u00f3n donde los chicos montaron en silla cl\u00e1sica, conociendo, de la mano del maestro Alejandro, aspectos como la colocaci\u00f3n del cuerpo y uso de la silla y los estribos. Comenzaron con la doma al \u201cpaso\u201d incluso algunos salimos \u201cal trote\u201d\u2026<\/p>\n<p><img loading=\"lazy\" decoding=\"async\" class=\"size-medium wp-image-876 aligncenter\" src=\"http:\/\/iesolajara.es\/wp-content\/uploads\/2018\/05\/c96b6f74-aaac-4914-b3ed-7ccdf6013efc-300x225.jpg\" alt=\"\" width=\"300\" height=\"225\" srcset=\"https:\/\/iesolajara.es\/wp-content\/uploads\/2018\/05\/c96b6f74-aaac-4914-b3ed-7ccdf6013efc-300x225.jpg 300w, https:\/\/iesolajara.es\/wp-content\/uploads\/2018\/05\/c96b6f74-aaac-4914-b3ed-7ccdf6013efc-768x576.jpg 768w, https:\/\/iesolajara.es\/wp-content\/uploads\/2018\/05\/c96b6f74-aaac-4914-b3ed-7ccdf6013efc.jpg 1024w, https:\/\/iesolajara.es\/wp-content\/uploads\/2018\/05\/c96b6f74-aaac-4914-b3ed-7ccdf6013efc-678x509.jpg 678w, https:\/\/iesolajara.es\/wp-content\/uploads\/2018\/05\/c96b6f74-aaac-4914-b3ed-7ccdf6013efc-326x245.jpg 326w, https:\/\/iesolajara.es\/wp-content\/uploads\/2018\/05\/c96b6f74-aaac-4914-b3ed-7ccdf6013efc-80x60.jpg 80w\" sizes=\"auto, (max-width: 300px) 100vw, 300px\" \/><img loading=\"lazy\" decoding=\"async\" class=\"size-medium wp-image-869 aligncenter\" src=\"http:\/\/iesolajara.es\/wp-content\/uploads\/2018\/05\/3bbd8354-0152-4a7e-9ed9-bf752da088f8-300x225.jpg\" alt=\"\" width=\"300\" height=\"225\" srcset=\"https:\/\/iesolajara.es\/wp-content\/uploads\/2018\/05\/3bbd8354-0152-4a7e-9ed9-bf752da088f8-300x225.jpg 300w, https:\/\/iesolajara.es\/wp-content\/uploads\/2018\/05\/3bbd8354-0152-4a7e-9ed9-bf752da088f8-768x576.jpg 768w, https:\/\/iesolajara.es\/wp-content\/uploads\/2018\/05\/3bbd8354-0152-4a7e-9ed9-bf752da088f8.jpg 1024w, https:\/\/iesolajara.es\/wp-content\/uploads\/2018\/05\/3bbd8354-0152-4a7e-9ed9-bf752da088f8-678x509.jpg 678w, https:\/\/iesolajara.es\/wp-content\/uploads\/2018\/05\/3bbd8354-0152-4a7e-9ed9-bf752da088f8-326x245.jpg 326w, https:\/\/iesolajara.es\/wp-content\/uploads\/2018\/05\/3bbd8354-0152-4a7e-9ed9-bf752da088f8-80x60.jpg 80w\" sizes=\"auto, (max-width: 300px) 100vw, 300px\" \/><img loading=\"lazy\" decoding=\"async\" class=\"size-medium wp-image-872 aligncenter\" src=\"http:\/\/iesolajara.es\/wp-content\/uploads\/2018\/05\/890b49d0-a743-4f28-aac1-037d9b609323-300x225.jpg\" alt=\"\" width=\"300\" height=\"225\" srcset=\"https:\/\/iesolajara.es\/wp-content\/uploads\/2018\/05\/890b49d0-a743-4f28-aac1-037d9b609323-300x225.jpg 300w, https:\/\/iesolajara.es\/wp-content\/uploads\/2018\/05\/890b49d0-a743-4f28-aac1-037d9b609323-768x576.jpg 768w, https:\/\/iesolajara.es\/wp-content\/uploads\/2018\/05\/890b49d0-a743-4f28-aac1-037d9b609323.jpg 1024w, https:\/\/iesolajara.es\/wp-content\/uploads\/2018\/05\/890b49d0-a743-4f28-aac1-037d9b609323-678x509.jpg 678w, https:\/\/iesolajara.es\/wp-content\/uploads\/2018\/05\/890b49d0-a743-4f28-aac1-037d9b609323-326x245.jpg 326w, https:\/\/iesolajara.es\/wp-content\/uploads\/2018\/05\/890b49d0-a743-4f28-aac1-037d9b609323-80x60.jpg 80w\" sizes=\"auto, (max-width: 300px) 100vw, 300px\" \/><\/p>\n<p><img loading=\"lazy\" decoding=\"async\" class=\"size-medium wp-image-869 aligncenter\" src=\"http:\/\/iesolajara.es\/wp-content\/uploads\/2018\/05\/3bbd8354-0152-4a7e-9ed9-bf752da088f8-300x225.jpg\" alt=\"\" width=\"300\" height=\"225\" srcset=\"https:\/\/iesolajara.es\/wp-content\/uploads\/2018\/05\/3bbd8354-0152-4a7e-9ed9-bf752da088f8-300x225.jpg 300w, https:\/\/iesolajara.es\/wp-content\/uploads\/2018\/05\/3bbd8354-0152-4a7e-9ed9-bf752da088f8-768x576.jpg 768w, https:\/\/iesolajara.es\/wp-content\/uploads\/2018\/05\/3bbd8354-0152-4a7e-9ed9-bf752da088f8.jpg 1024w, https:\/\/iesolajara.es\/wp-content\/uploads\/2018\/05\/3bbd8354-0152-4a7e-9ed9-bf752da088f8-678x509.jpg 678w, https:\/\/iesolajara.es\/wp-content\/uploads\/2018\/05\/3bbd8354-0152-4a7e-9ed9-bf752da088f8-326x245.jpg 326w, https:\/\/iesolajara.es\/wp-content\/uploads\/2018\/05\/3bbd8354-0152-4a7e-9ed9-bf752da088f8-80x60.jpg 80w\" sizes=\"auto, (max-width: 300px) 100vw, 300px\" \/><img loading=\"lazy\" decoding=\"async\" class=\"wp-image-881 size-medium aligncenter\" src=\"http:\/\/iesolajara.es\/wp-content\/uploads\/2018\/05\/IMG_8563-e1526139630486-225x300.jpg\" alt=\"\" width=\"225\" height=\"300\" srcset=\"https:\/\/iesolajara.es\/wp-content\/uploads\/2018\/05\/IMG_8563-e1526139630486-225x300.jpg 225w, https:\/\/iesolajara.es\/wp-content\/uploads\/2018\/05\/IMG_8563-e1526139630486-768x1024.jpg 768w, https:\/\/iesolajara.es\/wp-content\/uploads\/2018\/05\/IMG_8563-e1526139630486.jpg 1536w\" sizes=\"auto, (max-width: 225px) 100vw, 225px\" \/><img loading=\"lazy\" decoding=\"async\" class=\"wp-image-879 size-medium aligncenter\" src=\"http:\/\/iesolajara.es\/wp-content\/uploads\/2018\/05\/IMG_8562-1-e1526139661726-225x300.jpg\" alt=\"\" width=\"225\" height=\"300\" srcset=\"https:\/\/iesolajara.es\/wp-content\/uploads\/2018\/05\/IMG_8562-1-e1526139661726-225x300.jpg 225w, https:\/\/iesolajara.es\/wp-content\/uploads\/2018\/05\/IMG_8562-1-e1526139661726-768x1024.jpg 768w, https:\/\/iesolajara.es\/wp-content\/uploads\/2018\/05\/IMG_8562-1-e1526139661726.jpg 1536w\" sizes=\"auto, (max-width: 225px) 100vw, 225px\" \/><\/p>\n<p><img loading=\"lazy\" decoding=\"async\" class=\"size-medium wp-image-878 aligncenter\" src=\"http:\/\/iesolajara.es\/wp-content\/uploads\/2018\/05\/P5081088-300x225.jpg\" alt=\"\" width=\"300\" height=\"225\" srcset=\"https:\/\/iesolajara.es\/wp-content\/uploads\/2018\/05\/P5081088-300x225.jpg 300w, https:\/\/iesolajara.es\/wp-content\/uploads\/2018\/05\/P5081088-768x576.jpg 768w, https:\/\/iesolajara.es\/wp-content\/uploads\/2018\/05\/P5081088-1024x768.jpg 1024w, https:\/\/iesolajara.es\/wp-content\/uploads\/2018\/05\/P5081088-678x509.jpg 678w, https:\/\/iesolajara.es\/wp-content\/uploads\/2018\/05\/P5081088-326x245.jpg 326w, https:\/\/iesolajara.es\/wp-content\/uploads\/2018\/05\/P5081088-80x60.jpg 80w, https:\/\/iesolajara.es\/wp-content\/uploads\/2018\/05\/P5081088.jpg 1920w\" sizes=\"auto, (max-width: 300px) 100vw, 300px\" \/><\/p>\n<p><img loading=\"lazy\" decoding=\"async\" class=\"size-medium wp-image-877 aligncenter\" src=\"http:\/\/iesolajara.es\/wp-content\/uploads\/2018\/05\/P5081090-300x225.jpg\" alt=\"\" width=\"300\" height=\"225\" srcset=\"https:\/\/iesolajara.es\/wp-content\/uploads\/2018\/05\/P5081090-300x225.jpg 300w, https:\/\/iesolajara.es\/wp-content\/uploads\/2018\/05\/P5081090-768x576.jpg 768w, https:\/\/iesolajara.es\/wp-content\/uploads\/2018\/05\/P5081090-1024x768.jpg 1024w, https:\/\/iesolajara.es\/wp-content\/uploads\/2018\/05\/P5081090-678x509.jpg 678w, https:\/\/iesolajara.es\/wp-content\/uploads\/2018\/05\/P5081090-326x245.jpg 326w, https:\/\/iesolajara.es\/wp-content\/uploads\/2018\/05\/P5081090-80x60.jpg 80w, https:\/\/iesolajara.es\/wp-content\/uploads\/2018\/05\/P5081090.jpg 1920w\" sizes=\"auto, (max-width: 300px) 100vw, 300px\" \/><\/p>\n<p>Otro d\u00eda gran d\u00eda en la ciudad de Cuenca con una actividad ideal para nuestros alumnos que demostraron su gran inter\u00e9s por todas las actividades del departamento de Educaci\u00f3n F\u00edsica y su empat\u00eda y cari\u00f1o hacia los animales<\/p>\n<p><img loading=\"lazy\" decoding=\"async\" class=\"wp-image-882 size-medium aligncenter\" src=\"http:\/\/iesolajara.es\/wp-content\/uploads\/2018\/05\/IMG_8543-e1526139900856-225x300.jpg\" alt=\"\" width=\"225\" height=\"300\" srcset=\"https:\/\/iesolajara.es\/wp-content\/uploads\/2018\/05\/IMG_8543-e1526139900856-225x300.jpg 225w, https:\/\/iesolajara.es\/wp-content\/uploads\/2018\/05\/IMG_8543-e1526139900856-768x1024.jpg 768w, https:\/\/iesolajara.es\/wp-content\/uploads\/2018\/05\/IMG_8543-e1526139900856.jpg 1536w\" sizes=\"auto, (max-width: 225px) 100vw, 225px\" \/><\/p>\n<p>&nbsp;<\/p>\n<p style=\"text-align: left;\">\n","protected":false},"excerpt":{"rendered":"<div class=\"mh-excerpt\"><p>Fant\u00e1stica actividad para la iniciaci\u00f3n a la h\u00edpica fue la que disfrutaron nuestros alumnos del IESO la Jara el martes 8 de mayo, organizada conjuntamente <a class=\"mh-excerpt-more\" href=\"https:\/\/iesolajara.es\/?p=850\" title=\"Montamos a caballo\">[&#8230;]<\/a><\/p>\n<\/div>","protected":false},"author":2,"featured_media":875,"comment_status":"open","ping_status":"open","sticky":false,"template":"","format":"standard","meta":{"footnotes":""},"categories":[25,8],"tags":[],"class_list":["post-850","post","type-post","status-publish","format-standard","has-post-thumbnail","hentry","category-actividades-extraescolares","category-proyecto-escolar-saludable"],"_links":{"self":[{"href":"https:\/\/iesolajara.es\/index.php?rest_route=\/wp\/v2\/posts\/850","targetHints":{"allow":["GET"]}}],"collection":[{"href":"https:\/\/iesolajara.es\/index.php?rest_route=\/wp\/v2\/posts"}],"about":[{"href":"https:\/\/iesolajara.es\/index.php?rest_route=\/wp\/v2\/types\/post"}],"author":[{"embeddable":true,"href":"https:\/\/iesolajara.es\/index.php?rest_route=\/wp\/v2\/users\/2"}],"replies":[{"embeddable":true,"href":"https:\/\/iesolajara.es\/index.php?rest_route=%2Fwp%2Fv2%2Fcomments&post=850"}],"version-history":[{"count":4,"href":"https:\/\/iesolajara.es\/index.php?rest_route=\/wp\/v2\/posts\/850\/revisions"}],"predecessor-version":[{"id":931,"href":"https:\/\/iesolajara.es\/index.php?rest_route=\/wp\/v2\/posts\/850\/revisions\/931"}],"wp:featuredmedia":[{"embeddable":true,"href":"https:\/\/iesolajara.es\/index.php?rest_route=\/wp\/v2\/media\/875"}],"wp:attachment":[{"href":"https:\/\/iesolajara.es\/index.php?rest_route=%2Fwp%2Fv2%2Fmedia&parent=850"}],"wp:term":[{"taxonomy":"category","embeddable":true,"href":"https:\/\/iesolajara.es\/index.php?rest_route=%2Fwp%2Fv2%2Fcategories&post=850"},{"taxonomy":"post_tag","embeddable":true,"href":"https:\/\/iesolajara.es\/index.php?rest_route=%2Fwp%2Fv2%2Ftags&post=850"}],"curies":[{"name":"wp","href":"https:\/\/api.w.org\/{rel}","templated":true}]}}