{"id":814,"date":"2018-04-15T16:49:29","date_gmt":"2018-04-15T16:49:29","guid":{"rendered":"http:\/\/iesolajara.es\/?p=814"},"modified":"2018-06-10T18:40:04","modified_gmt":"2018-06-10T18:40:04","slug":"7-de-abril-victoria-en-torrejoncillo-del-rey","status":"publish","type":"post","link":"https:\/\/iesolajara.es\/?p=814","title":{"rendered":"7 de abril&#8230; Victoria en Torrejoncillo del Rey"},"content":{"rendered":"<p>El IESO La Jara particip\u00f3 el s\u00e1bado 7 de abril en la quinta prueba del XI Circuito de Orientaci\u00f3n Diputaci\u00f3n de Cuenca, coincidiendo con la cuarta y \u00faltima del Campeonato Provincial de Orientaci\u00f3n en Edad Escolar.<\/p>\n<p>La carrera fue organizada por el Club Orientaci\u00f3n y Monta\u00f1a Cuenca (COMCU) junto con la\u00a0 Diputaci\u00f3n Provincial de Cuenca y la Direcci\u00f3n Provincial de la Consejer\u00eda de Educaci\u00f3n, Cultura y Deportes de la Junta de Comunidades de Castilla\u2013La Mancha.<\/p>\n<p>En esta ocasi\u00f3n, el mapa discurr\u00eda en su pr\u00e1ctica totalidad por las calles de la localidad, aunque en alguna de las categor\u00edas superiores se aprovech\u00f3 la ladera pr\u00f3xima para situar controles f\u00edsicamente muy exigentes.<\/p>\n<p>La cita deportiva cont\u00f3 con una importante novedad para los participantes del Circuito Provincial, que fue la salida en masa y balizas en \u00abscore\u00bb en dos tramos del recorrido, lo que les oblig\u00f3 a una absoluta concentraci\u00f3n en el n\u00famero y orden de controles a visitar.<\/p>\n<p>M\u00e1s de 80 escolares venidos de toda la provincia, afrontaban la \u00faltima prueba antes de conocer la configuraci\u00f3n de los equipos que representar\u00e1n a Cuenca en la final del Campeonato Regional en Edad Escolar a disputar en Molina de Arag\u00f3n (Guadalajara) los d\u00edas 28 y 29 de abril.<\/p>\n<p>Destacamos sobre todo el gran recorrido de nuestro alumno Rub\u00e9n Fajardo Serrano, el cual, realiz\u00f3 una m\u00e1s que aceptable carrera ante unas duras condiciones climatol\u00f3gicas, obteniendo en la clasificaci\u00f3n final un fant\u00e1stico quinto puesto. \u00a1Enhorabuena!<\/p>\n<p>&nbsp;<\/p>\n<p><img loading=\"lazy\" decoding=\"async\" class=\"alignnone wp-image-821\" src=\"http:\/\/iesolajara.es\/wp-content\/uploads\/2018\/04\/81420592-912a-49f1-b00c-dcde6659d6a6-300x229.jpg\" alt=\"\" width=\"303\" height=\"231\" srcset=\"https:\/\/iesolajara.es\/wp-content\/uploads\/2018\/04\/81420592-912a-49f1-b00c-dcde6659d6a6-300x229.jpg 300w, https:\/\/iesolajara.es\/wp-content\/uploads\/2018\/04\/81420592-912a-49f1-b00c-dcde6659d6a6-768x585.jpg 768w, https:\/\/iesolajara.es\/wp-content\/uploads\/2018\/04\/81420592-912a-49f1-b00c-dcde6659d6a6-1024x781.jpg 1024w, https:\/\/iesolajara.es\/wp-content\/uploads\/2018\/04\/81420592-912a-49f1-b00c-dcde6659d6a6-80x60.jpg 80w, https:\/\/iesolajara.es\/wp-content\/uploads\/2018\/04\/81420592-912a-49f1-b00c-dcde6659d6a6.jpg 1081w\" sizes=\"auto, (max-width: 303px) 100vw, 303px\" \/>\u00a0\u00a0<img loading=\"lazy\" decoding=\"async\" class=\"alignnone size-medium wp-image-820\" src=\"http:\/\/iesolajara.es\/wp-content\/uploads\/2018\/04\/IMG_7752-300x225.jpg\" alt=\"\" width=\"300\" height=\"225\" srcset=\"https:\/\/iesolajara.es\/wp-content\/uploads\/2018\/04\/IMG_7752-300x225.jpg 300w, https:\/\/iesolajara.es\/wp-content\/uploads\/2018\/04\/IMG_7752-768x576.jpg 768w, https:\/\/iesolajara.es\/wp-content\/uploads\/2018\/04\/IMG_7752-1024x768.jpg 1024w, https:\/\/iesolajara.es\/wp-content\/uploads\/2018\/04\/IMG_7752-678x509.jpg 678w, https:\/\/iesolajara.es\/wp-content\/uploads\/2018\/04\/IMG_7752-326x245.jpg 326w, https:\/\/iesolajara.es\/wp-content\/uploads\/2018\/04\/IMG_7752-80x60.jpg 80w, https:\/\/iesolajara.es\/wp-content\/uploads\/2018\/04\/IMG_7752.jpg 2048w\" sizes=\"auto, (max-width: 300px) 100vw, 300px\" \/><\/p>\n<p><img loading=\"lazy\" decoding=\"async\" class=\"alignnone size-medium wp-image-819\" src=\"http:\/\/iesolajara.es\/wp-content\/uploads\/2018\/04\/IMG_7751-300x225.jpg\" alt=\"\" width=\"300\" height=\"225\" srcset=\"https:\/\/iesolajara.es\/wp-content\/uploads\/2018\/04\/IMG_7751-300x225.jpg 300w, https:\/\/iesolajara.es\/wp-content\/uploads\/2018\/04\/IMG_7751-768x576.jpg 768w, https:\/\/iesolajara.es\/wp-content\/uploads\/2018\/04\/IMG_7751-1024x768.jpg 1024w, https:\/\/iesolajara.es\/wp-content\/uploads\/2018\/04\/IMG_7751-678x509.jpg 678w, https:\/\/iesolajara.es\/wp-content\/uploads\/2018\/04\/IMG_7751-326x245.jpg 326w, https:\/\/iesolajara.es\/wp-content\/uploads\/2018\/04\/IMG_7751-80x60.jpg 80w, https:\/\/iesolajara.es\/wp-content\/uploads\/2018\/04\/IMG_7751.jpg 2048w\" sizes=\"auto, (max-width: 300px) 100vw, 300px\" \/>\u00a0 \u00a0<img loading=\"lazy\" decoding=\"async\" class=\"alignnone size-medium wp-image-818\" src=\"http:\/\/iesolajara.es\/wp-content\/uploads\/2018\/04\/IMG_7750-300x225.jpg\" alt=\"\" width=\"300\" height=\"225\" srcset=\"https:\/\/iesolajara.es\/wp-content\/uploads\/2018\/04\/IMG_7750-300x225.jpg 300w, https:\/\/iesolajara.es\/wp-content\/uploads\/2018\/04\/IMG_7750-768x576.jpg 768w, https:\/\/iesolajara.es\/wp-content\/uploads\/2018\/04\/IMG_7750-1024x768.jpg 1024w, https:\/\/iesolajara.es\/wp-content\/uploads\/2018\/04\/IMG_7750-678x509.jpg 678w, https:\/\/iesolajara.es\/wp-content\/uploads\/2018\/04\/IMG_7750-326x245.jpg 326w, https:\/\/iesolajara.es\/wp-content\/uploads\/2018\/04\/IMG_7750-80x60.jpg 80w, https:\/\/iesolajara.es\/wp-content\/uploads\/2018\/04\/IMG_7750.jpg 2048w\" sizes=\"auto, (max-width: 300px) 100vw, 300px\" \/><\/p>\n<p><img loading=\"lazy\" decoding=\"async\" class=\"alignnone size-medium wp-image-817\" src=\"http:\/\/iesolajara.es\/wp-content\/uploads\/2018\/04\/Captura-de-pantalla-2018-04-15-a-las-18.45.34-300x237.png\" alt=\"\" width=\"300\" height=\"237\" srcset=\"https:\/\/iesolajara.es\/wp-content\/uploads\/2018\/04\/Captura-de-pantalla-2018-04-15-a-las-18.45.34-300x237.png 300w, https:\/\/iesolajara.es\/wp-content\/uploads\/2018\/04\/Captura-de-pantalla-2018-04-15-a-las-18.45.34-768x607.png 768w, https:\/\/iesolajara.es\/wp-content\/uploads\/2018\/04\/Captura-de-pantalla-2018-04-15-a-las-18.45.34.png 923w\" sizes=\"auto, (max-width: 300px) 100vw, 300px\" \/>\u00a0\u00a0<img loading=\"lazy\" decoding=\"async\" class=\"alignnone size-medium wp-image-816\" src=\"http:\/\/iesolajara.es\/wp-content\/uploads\/2018\/04\/Captura-de-pantalla-2018-04-15-a-las-18.45.52-300x215.png\" alt=\"\" width=\"300\" height=\"215\" srcset=\"https:\/\/iesolajara.es\/wp-content\/uploads\/2018\/04\/Captura-de-pantalla-2018-04-15-a-las-18.45.52-300x215.png 300w, https:\/\/iesolajara.es\/wp-content\/uploads\/2018\/04\/Captura-de-pantalla-2018-04-15-a-las-18.45.52-768x550.png 768w, https:\/\/iesolajara.es\/wp-content\/uploads\/2018\/04\/Captura-de-pantalla-2018-04-15-a-las-18.45.52.png 843w\" sizes=\"auto, (max-width: 300px) 100vw, 300px\" \/><\/p>\n","protected":false},"excerpt":{"rendered":"<div class=\"mh-excerpt\"><p>El IESO La Jara particip\u00f3 el s\u00e1bado 7 de abril en la quinta prueba del XI Circuito de Orientaci\u00f3n Diputaci\u00f3n de Cuenca, coincidiendo con la <a class=\"mh-excerpt-more\" href=\"https:\/\/iesolajara.es\/?p=814\" title=\"7 de abril&#8230; Victoria en Torrejoncillo del Rey\">[&#8230;]<\/a><\/p>\n<\/div>","protected":false},"author":2,"featured_media":815,"comment_status":"open","ping_status":"open","sticky":false,"template":"","format":"standard","meta":{"footnotes":""},"categories":[25,8],"tags":[],"class_list":["post-814","post","type-post","status-publish","format-standard","has-post-thumbnail","hentry","category-actividades-extraescolares","category-proyecto-escolar-saludable"],"_links":{"self":[{"href":"https:\/\/iesolajara.es\/index.php?rest_route=\/wp\/v2\/posts\/814","targetHints":{"allow":["GET"]}}],"collection":[{"href":"https:\/\/iesolajara.es\/index.php?rest_route=\/wp\/v2\/posts"}],"about":[{"href":"https:\/\/iesolajara.es\/index.php?rest_route=\/wp\/v2\/types\/post"}],"author":[{"embeddable":true,"href":"https:\/\/iesolajara.es\/index.php?rest_route=\/wp\/v2\/users\/2"}],"replies":[{"embeddable":true,"href":"https:\/\/iesolajara.es\/index.php?rest_route=%2Fwp%2Fv2%2Fcomments&post=814"}],"version-history":[{"count":1,"href":"https:\/\/iesolajara.es\/index.php?rest_route=\/wp\/v2\/posts\/814\/revisions"}],"predecessor-version":[{"id":822,"href":"https:\/\/iesolajara.es\/index.php?rest_route=\/wp\/v2\/posts\/814\/revisions\/822"}],"wp:featuredmedia":[{"embeddable":true,"href":"https:\/\/iesolajara.es\/index.php?rest_route=\/wp\/v2\/media\/815"}],"wp:attachment":[{"href":"https:\/\/iesolajara.es\/index.php?rest_route=%2Fwp%2Fv2%2Fmedia&parent=814"}],"wp:term":[{"taxonomy":"category","embeddable":true,"href":"https:\/\/iesolajara.es\/index.php?rest_route=%2Fwp%2Fv2%2Fcategories&post=814"},{"taxonomy":"post_tag","embeddable":true,"href":"https:\/\/iesolajara.es\/index.php?rest_route=%2Fwp%2Fv2%2Ftags&post=814"}],"curies":[{"name":"wp","href":"https:\/\/api.w.org\/{rel}","templated":true}]}}