{"id":788,"date":"2018-04-06T18:02:37","date_gmt":"2018-04-06T18:02:37","guid":{"rendered":"http:\/\/iesolajara.es\/?p=788"},"modified":"2018-06-10T18:40:43","modified_gmt":"2018-06-10T18:40:43","slug":"arrasamos-en-motilla","status":"publish","type":"post","link":"https:\/\/iesolajara.es\/?p=788","title":{"rendered":"ARRASAMOS EN MOTILLA"},"content":{"rendered":"<p style=\"text-align: left;\">\u00a1La Jornadas de Iniciaci\u00f3n Deportiva en Motilla del Palancar, resultaron un gran \u00e9xito! Los alumnos de 1\u00ba y 2\u00ba de ESO realizaron una destacad\u00edsima competici\u00f3n en la ma\u00f1ana del 4 de abril en las instalaciones deportivas del municipio.<\/p>\n<p style=\"text-align: left;\">Consiguiendo una positiva actuaci\u00f3n en las modalidades de Ringo, Pelota a Pala y Colpbol, nuestros alumnos lograron ganar todas las competiciones.<\/p>\n<p style=\"text-align: left;\">Todav\u00eda queda mucho trabajo, pero la segunda parte de las Jornadas est\u00e1 al caer (lunes 16 de abril), donde esperamos que los chicos demuestren una vez m\u00e1s su trabajo y dedicaci\u00f3n ante este evento.<\/p>\n<p style=\"text-align: left;\">\u00a1Crucemos los dedos y a por todas!<\/p>\n<p><img loading=\"lazy\" decoding=\"async\" class=\"alignnone size-medium wp-image-789\" src=\"http:\/\/iesolajara.es\/wp-content\/uploads\/2018\/04\/IMG_7632-300x225.jpg\" alt=\"\" width=\"300\" height=\"225\" srcset=\"https:\/\/iesolajara.es\/wp-content\/uploads\/2018\/04\/IMG_7632-300x225.jpg 300w, https:\/\/iesolajara.es\/wp-content\/uploads\/2018\/04\/IMG_7632-768x576.jpg 768w, https:\/\/iesolajara.es\/wp-content\/uploads\/2018\/04\/IMG_7632-1024x768.jpg 1024w, https:\/\/iesolajara.es\/wp-content\/uploads\/2018\/04\/IMG_7632-678x509.jpg 678w, https:\/\/iesolajara.es\/wp-content\/uploads\/2018\/04\/IMG_7632-326x245.jpg 326w, https:\/\/iesolajara.es\/wp-content\/uploads\/2018\/04\/IMG_7632-80x60.jpg 80w, https:\/\/iesolajara.es\/wp-content\/uploads\/2018\/04\/IMG_7632.jpg 2048w\" sizes=\"auto, (max-width: 300px) 100vw, 300px\" \/> <img loading=\"lazy\" decoding=\"async\" class=\"alignnone wp-image-790\" src=\"http:\/\/iesolajara.es\/wp-content\/uploads\/2018\/04\/d3dabdbf-e835-434e-ae61-38dd3b0055b1-300x169.jpg\" alt=\"\" width=\"398\" height=\"224\" srcset=\"https:\/\/iesolajara.es\/wp-content\/uploads\/2018\/04\/d3dabdbf-e835-434e-ae61-38dd3b0055b1-300x169.jpg 300w, https:\/\/iesolajara.es\/wp-content\/uploads\/2018\/04\/d3dabdbf-e835-434e-ae61-38dd3b0055b1-768x432.jpg 768w, https:\/\/iesolajara.es\/wp-content\/uploads\/2018\/04\/d3dabdbf-e835-434e-ae61-38dd3b0055b1-1024x576.jpg 1024w, https:\/\/iesolajara.es\/wp-content\/uploads\/2018\/04\/d3dabdbf-e835-434e-ae61-38dd3b0055b1-678x381.jpg 678w, https:\/\/iesolajara.es\/wp-content\/uploads\/2018\/04\/d3dabdbf-e835-434e-ae61-38dd3b0055b1.jpg 1328w\" sizes=\"auto, (max-width: 398px) 100vw, 398px\" \/> <img loading=\"lazy\" decoding=\"async\" class=\"alignnone size-medium wp-image-792\" src=\"http:\/\/iesolajara.es\/wp-content\/uploads\/2018\/04\/IMG_7642-300x225.jpg\" alt=\"\" width=\"300\" height=\"225\" srcset=\"https:\/\/iesolajara.es\/wp-content\/uploads\/2018\/04\/IMG_7642-300x225.jpg 300w, https:\/\/iesolajara.es\/wp-content\/uploads\/2018\/04\/IMG_7642-768x576.jpg 768w, https:\/\/iesolajara.es\/wp-content\/uploads\/2018\/04\/IMG_7642-1024x768.jpg 1024w, https:\/\/iesolajara.es\/wp-content\/uploads\/2018\/04\/IMG_7642-678x509.jpg 678w, https:\/\/iesolajara.es\/wp-content\/uploads\/2018\/04\/IMG_7642-326x245.jpg 326w, https:\/\/iesolajara.es\/wp-content\/uploads\/2018\/04\/IMG_7642-80x60.jpg 80w, https:\/\/iesolajara.es\/wp-content\/uploads\/2018\/04\/IMG_7642.jpg 2048w\" sizes=\"auto, (max-width: 300px) 100vw, 300px\" \/> <img loading=\"lazy\" decoding=\"async\" class=\"alignnone size-medium wp-image-793\" src=\"http:\/\/iesolajara.es\/wp-content\/uploads\/2018\/04\/IMG_7644-300x225.jpg\" alt=\"\" width=\"300\" height=\"225\" srcset=\"https:\/\/iesolajara.es\/wp-content\/uploads\/2018\/04\/IMG_7644-300x225.jpg 300w, https:\/\/iesolajara.es\/wp-content\/uploads\/2018\/04\/IMG_7644-768x576.jpg 768w, https:\/\/iesolajara.es\/wp-content\/uploads\/2018\/04\/IMG_7644-1024x768.jpg 1024w, https:\/\/iesolajara.es\/wp-content\/uploads\/2018\/04\/IMG_7644-678x509.jpg 678w, https:\/\/iesolajara.es\/wp-content\/uploads\/2018\/04\/IMG_7644-326x245.jpg 326w, https:\/\/iesolajara.es\/wp-content\/uploads\/2018\/04\/IMG_7644-80x60.jpg 80w, https:\/\/iesolajara.es\/wp-content\/uploads\/2018\/04\/IMG_7644.jpg 2048w\" sizes=\"auto, (max-width: 300px) 100vw, 300px\" \/> <img loading=\"lazy\" decoding=\"async\" class=\"alignnone size-medium wp-image-794\" src=\"http:\/\/iesolajara.es\/wp-content\/uploads\/2018\/04\/IMG_7653-300x225.jpg\" alt=\"\" width=\"300\" height=\"225\" srcset=\"https:\/\/iesolajara.es\/wp-content\/uploads\/2018\/04\/IMG_7653-300x225.jpg 300w, https:\/\/iesolajara.es\/wp-content\/uploads\/2018\/04\/IMG_7653-768x576.jpg 768w, https:\/\/iesolajara.es\/wp-content\/uploads\/2018\/04\/IMG_7653-1024x768.jpg 1024w, https:\/\/iesolajara.es\/wp-content\/uploads\/2018\/04\/IMG_7653-678x509.jpg 678w, https:\/\/iesolajara.es\/wp-content\/uploads\/2018\/04\/IMG_7653-326x245.jpg 326w, https:\/\/iesolajara.es\/wp-content\/uploads\/2018\/04\/IMG_7653-80x60.jpg 80w, https:\/\/iesolajara.es\/wp-content\/uploads\/2018\/04\/IMG_7653.jpg 2048w\" sizes=\"auto, (max-width: 300px) 100vw, 300px\" \/> <img loading=\"lazy\" decoding=\"async\" class=\"alignnone size-medium wp-image-795\" src=\"http:\/\/iesolajara.es\/wp-content\/uploads\/2018\/04\/IMG_7655-300x225.jpg\" alt=\"\" width=\"300\" height=\"225\" srcset=\"https:\/\/iesolajara.es\/wp-content\/uploads\/2018\/04\/IMG_7655-300x225.jpg 300w, https:\/\/iesolajara.es\/wp-content\/uploads\/2018\/04\/IMG_7655-768x576.jpg 768w, https:\/\/iesolajara.es\/wp-content\/uploads\/2018\/04\/IMG_7655-1024x768.jpg 1024w, https:\/\/iesolajara.es\/wp-content\/uploads\/2018\/04\/IMG_7655-678x509.jpg 678w, https:\/\/iesolajara.es\/wp-content\/uploads\/2018\/04\/IMG_7655-326x245.jpg 326w, https:\/\/iesolajara.es\/wp-content\/uploads\/2018\/04\/IMG_7655-80x60.jpg 80w, https:\/\/iesolajara.es\/wp-content\/uploads\/2018\/04\/IMG_7655.jpg 2048w\" sizes=\"auto, (max-width: 300px) 100vw, 300px\" \/> <img loading=\"lazy\" decoding=\"async\" class=\"alignnone size-medium wp-image-796\" src=\"http:\/\/iesolajara.es\/wp-content\/uploads\/2018\/04\/IMG_7657-300x225.jpg\" alt=\"\" width=\"300\" height=\"225\" srcset=\"https:\/\/iesolajara.es\/wp-content\/uploads\/2018\/04\/IMG_7657-300x225.jpg 300w, https:\/\/iesolajara.es\/wp-content\/uploads\/2018\/04\/IMG_7657-768x576.jpg 768w, https:\/\/iesolajara.es\/wp-content\/uploads\/2018\/04\/IMG_7657-1024x768.jpg 1024w, https:\/\/iesolajara.es\/wp-content\/uploads\/2018\/04\/IMG_7657-678x509.jpg 678w, https:\/\/iesolajara.es\/wp-content\/uploads\/2018\/04\/IMG_7657-326x245.jpg 326w, https:\/\/iesolajara.es\/wp-content\/uploads\/2018\/04\/IMG_7657-80x60.jpg 80w, https:\/\/iesolajara.es\/wp-content\/uploads\/2018\/04\/IMG_7657.jpg 2048w\" sizes=\"auto, (max-width: 300px) 100vw, 300px\" \/>\u00a0\u00a0<img loading=\"lazy\" decoding=\"async\" class=\"alignnone size-medium wp-image-798\" src=\"http:\/\/iesolajara.es\/wp-content\/uploads\/2018\/04\/IMG_7660-300x225.jpg\" alt=\"\" width=\"300\" height=\"225\" srcset=\"https:\/\/iesolajara.es\/wp-content\/uploads\/2018\/04\/IMG_7660-300x225.jpg 300w, https:\/\/iesolajara.es\/wp-content\/uploads\/2018\/04\/IMG_7660-768x576.jpg 768w, https:\/\/iesolajara.es\/wp-content\/uploads\/2018\/04\/IMG_7660-1024x768.jpg 1024w, https:\/\/iesolajara.es\/wp-content\/uploads\/2018\/04\/IMG_7660-678x509.jpg 678w, https:\/\/iesolajara.es\/wp-content\/uploads\/2018\/04\/IMG_7660-326x245.jpg 326w, https:\/\/iesolajara.es\/wp-content\/uploads\/2018\/04\/IMG_7660-80x60.jpg 80w, https:\/\/iesolajara.es\/wp-content\/uploads\/2018\/04\/IMG_7660.jpg 2048w\" sizes=\"auto, (max-width: 300px) 100vw, 300px\" \/><\/p>\n<p>&nbsp;<\/p>\n<p>&nbsp;<\/p>\n<p>&nbsp;<\/p>\n","protected":false},"excerpt":{"rendered":"<div class=\"mh-excerpt\"><p>\u00a1La Jornadas de Iniciaci\u00f3n Deportiva en Motilla del Palancar, resultaron un gran \u00e9xito! Los alumnos de 1\u00ba y 2\u00ba de ESO realizaron una destacad\u00edsima competici\u00f3n <a class=\"mh-excerpt-more\" href=\"https:\/\/iesolajara.es\/?p=788\" title=\"ARRASAMOS EN MOTILLA\">[&#8230;]<\/a><\/p>\n<\/div>","protected":false},"author":2,"featured_media":797,"comment_status":"open","ping_status":"open","sticky":false,"template":"","format":"standard","meta":{"footnotes":""},"categories":[25,8],"tags":[],"class_list":["post-788","post","type-post","status-publish","format-standard","has-post-thumbnail","hentry","category-actividades-extraescolares","category-proyecto-escolar-saludable"],"_links":{"self":[{"href":"https:\/\/iesolajara.es\/index.php?rest_route=\/wp\/v2\/posts\/788","targetHints":{"allow":["GET"]}}],"collection":[{"href":"https:\/\/iesolajara.es\/index.php?rest_route=\/wp\/v2\/posts"}],"about":[{"href":"https:\/\/iesolajara.es\/index.php?rest_route=\/wp\/v2\/types\/post"}],"author":[{"embeddable":true,"href":"https:\/\/iesolajara.es\/index.php?rest_route=\/wp\/v2\/users\/2"}],"replies":[{"embeddable":true,"href":"https:\/\/iesolajara.es\/index.php?rest_route=%2Fwp%2Fv2%2Fcomments&post=788"}],"version-history":[{"count":5,"href":"https:\/\/iesolajara.es\/index.php?rest_route=\/wp\/v2\/posts\/788\/revisions"}],"predecessor-version":[{"id":933,"href":"https:\/\/iesolajara.es\/index.php?rest_route=\/wp\/v2\/posts\/788\/revisions\/933"}],"wp:featuredmedia":[{"embeddable":true,"href":"https:\/\/iesolajara.es\/index.php?rest_route=\/wp\/v2\/media\/797"}],"wp:attachment":[{"href":"https:\/\/iesolajara.es\/index.php?rest_route=%2Fwp%2Fv2%2Fmedia&parent=788"}],"wp:term":[{"taxonomy":"category","embeddable":true,"href":"https:\/\/iesolajara.es\/index.php?rest_route=%2Fwp%2Fv2%2Fcategories&post=788"},{"taxonomy":"post_tag","embeddable":true,"href":"https:\/\/iesolajara.es\/index.php?rest_route=%2Fwp%2Fv2%2Ftags&post=788"}],"curies":[{"name":"wp","href":"https:\/\/api.w.org\/{rel}","templated":true}]}}