{"id":779,"date":"2018-03-29T14:28:59","date_gmt":"2018-03-29T14:28:59","guid":{"rendered":"http:\/\/iesolajara.es\/?p=779"},"modified":"2018-03-29T14:36:13","modified_gmt":"2018-03-29T14:36:13","slug":"hoy-toca-platanos","status":"publish","type":"post","link":"https:\/\/iesolajara.es\/?p=779","title":{"rendered":"Hoy toca&#8230; pl\u00e1tanos"},"content":{"rendered":"<p>\u00a1Los viernes de la fruta en el IESO LA JARA, van viento en popa! En esta ocasi\u00f3n, nuestras fruteras Ana y Pili repartieron piezas de pl\u00e1tano en el primer descanso.<\/p>\n<p>Promover el consumo de fruta y productos frescos, y continuar en casa con h\u00e1bitos de consumo responsable, es uno de los objetivos de nuestro Proyecto Escolar Saludable, al que se sum\u00f3 nuestra estimada alcaldesa, Mercedes Herreras, acompa\u00f1ada de nuestro director, V\u00edctor Manuel Fern\u00e1ndez a disfrutar de un sabroso desayuno.<\/p>\n<p><img loading=\"lazy\" decoding=\"async\" class=\"wp-image-780 aligncenter\" src=\"http:\/\/iesolajara.es\/wp-content\/uploads\/2018\/03\/bf1c622d-ffc3-443e-b349-cf4b13587a61-164x300.jpg\" alt=\"\" width=\"167\" height=\"305\" srcset=\"https:\/\/iesolajara.es\/wp-content\/uploads\/2018\/03\/bf1c622d-ffc3-443e-b349-cf4b13587a61-164x300.jpg 164w, https:\/\/iesolajara.es\/wp-content\/uploads\/2018\/03\/bf1c622d-ffc3-443e-b349-cf4b13587a61.jpg 561w\" sizes=\"auto, (max-width: 167px) 100vw, 167px\" \/><\/p>\n<p>&nbsp;<\/p>\n","protected":false},"excerpt":{"rendered":"<div class=\"mh-excerpt\"><p>\u00a1Los viernes de la fruta en el IESO LA JARA, van viento en popa! En esta ocasi\u00f3n, nuestras fruteras Ana y Pili repartieron piezas de <a class=\"mh-excerpt-more\" href=\"https:\/\/iesolajara.es\/?p=779\" title=\"Hoy toca&#8230; pl\u00e1tanos\">[&#8230;]<\/a><\/p>\n<\/div>","protected":false},"author":2,"featured_media":782,"comment_status":"open","ping_status":"open","sticky":false,"template":"","format":"standard","meta":{"footnotes":""},"categories":[1],"tags":[],"class_list":["post-779","post","type-post","status-publish","format-standard","has-post-thumbnail","hentry","category-general"],"_links":{"self":[{"href":"https:\/\/iesolajara.es\/index.php?rest_route=\/wp\/v2\/posts\/779","targetHints":{"allow":["GET"]}}],"collection":[{"href":"https:\/\/iesolajara.es\/index.php?rest_route=\/wp\/v2\/posts"}],"about":[{"href":"https:\/\/iesolajara.es\/index.php?rest_route=\/wp\/v2\/types\/post"}],"author":[{"embeddable":true,"href":"https:\/\/iesolajara.es\/index.php?rest_route=\/wp\/v2\/users\/2"}],"replies":[{"embeddable":true,"href":"https:\/\/iesolajara.es\/index.php?rest_route=%2Fwp%2Fv2%2Fcomments&post=779"}],"version-history":[{"count":4,"href":"https:\/\/iesolajara.es\/index.php?rest_route=\/wp\/v2\/posts\/779\/revisions"}],"predecessor-version":[{"id":786,"href":"https:\/\/iesolajara.es\/index.php?rest_route=\/wp\/v2\/posts\/779\/revisions\/786"}],"wp:featuredmedia":[{"embeddable":true,"href":"https:\/\/iesolajara.es\/index.php?rest_route=\/wp\/v2\/media\/782"}],"wp:attachment":[{"href":"https:\/\/iesolajara.es\/index.php?rest_route=%2Fwp%2Fv2%2Fmedia&parent=779"}],"wp:term":[{"taxonomy":"category","embeddable":true,"href":"https:\/\/iesolajara.es\/index.php?rest_route=%2Fwp%2Fv2%2Fcategories&post=779"},{"taxonomy":"post_tag","embeddable":true,"href":"https:\/\/iesolajara.es\/index.php?rest_route=%2Fwp%2Fv2%2Ftags&post=779"}],"curies":[{"name":"wp","href":"https:\/\/api.w.org\/{rel}","templated":true}]}}