{"id":749,"date":"2018-03-15T11:02:39","date_gmt":"2018-03-15T11:02:39","guid":{"rendered":"http:\/\/iesolajara.es\/?p=749"},"modified":"2018-06-10T18:41:31","modified_gmt":"2018-06-10T18:41:31","slug":"carrera-orientacion-san-lorenzo-la-parrila","status":"publish","type":"post","link":"https:\/\/iesolajara.es\/?p=749","title":{"rendered":"Carrera de Orientaci\u00f3n. San Lorenzo de la Parrila"},"content":{"rendered":"<p>El pasado s\u00e1bado 10 de marzo se disput\u00f3 la tercera carrera de orientaci\u00f3n correspondiente al campeonato provincial escolar de esta disciplina.<\/p>\n<p>Cont\u00f3 con un recorrido eminentemente urbano, donde la potencia f\u00edsica jug\u00f3 una baza importante.<\/p>\n<p>con 160 corredores inscritos, los alumnos del IESO \u00abLa Jara\u00bb obtuvieron, como ya viene siendo habitual, buenos resultados.<\/p>\n<p><img loading=\"lazy\" decoding=\"async\" class=\"aligncenter size-medium wp-image-752\" src=\"http:\/\/iesolajara.es\/wp-content\/uploads\/2018\/03\/1afc4398-5fbe-46ae-8f38-30f64b4de42f-300x225.jpg\" alt=\"\" width=\"300\" height=\"225\" srcset=\"https:\/\/iesolajara.es\/wp-content\/uploads\/2018\/03\/1afc4398-5fbe-46ae-8f38-30f64b4de42f-300x225.jpg 300w, https:\/\/iesolajara.es\/wp-content\/uploads\/2018\/03\/1afc4398-5fbe-46ae-8f38-30f64b4de42f-768x576.jpg 768w, https:\/\/iesolajara.es\/wp-content\/uploads\/2018\/03\/1afc4398-5fbe-46ae-8f38-30f64b4de42f-678x509.jpg 678w, https:\/\/iesolajara.es\/wp-content\/uploads\/2018\/03\/1afc4398-5fbe-46ae-8f38-30f64b4de42f-326x245.jpg 326w, https:\/\/iesolajara.es\/wp-content\/uploads\/2018\/03\/1afc4398-5fbe-46ae-8f38-30f64b4de42f-80x60.jpg 80w, https:\/\/iesolajara.es\/wp-content\/uploads\/2018\/03\/1afc4398-5fbe-46ae-8f38-30f64b4de42f.jpg 1024w\" sizes=\"auto, (max-width: 300px) 100vw, 300px\" \/> <img loading=\"lazy\" decoding=\"async\" class=\"aligncenter size-medium wp-image-753\" src=\"http:\/\/iesolajara.es\/wp-content\/uploads\/2018\/03\/64edb6b8-be38-4f6c-bc53-ba062b9b2962-225x300.jpg\" alt=\"\" width=\"225\" height=\"300\" srcset=\"https:\/\/iesolajara.es\/wp-content\/uploads\/2018\/03\/64edb6b8-be38-4f6c-bc53-ba062b9b2962-225x300.jpg 225w, https:\/\/iesolajara.es\/wp-content\/uploads\/2018\/03\/64edb6b8-be38-4f6c-bc53-ba062b9b2962.jpg 768w\" sizes=\"auto, (max-width: 225px) 100vw, 225px\" \/> <img loading=\"lazy\" decoding=\"async\" class=\"aligncenter size-medium wp-image-754\" src=\"http:\/\/iesolajara.es\/wp-content\/uploads\/2018\/03\/235db124-c24c-4622-a418-5d4577316a52-300x225.jpg\" alt=\"\" width=\"300\" height=\"225\" srcset=\"https:\/\/iesolajara.es\/wp-content\/uploads\/2018\/03\/235db124-c24c-4622-a418-5d4577316a52-300x225.jpg 300w, https:\/\/iesolajara.es\/wp-content\/uploads\/2018\/03\/235db124-c24c-4622-a418-5d4577316a52-1024x768.jpg 1024w, https:\/\/iesolajara.es\/wp-content\/uploads\/2018\/03\/235db124-c24c-4622-a418-5d4577316a52-768x576.jpg 768w, https:\/\/iesolajara.es\/wp-content\/uploads\/2018\/03\/235db124-c24c-4622-a418-5d4577316a52-1536x1152.jpg 1536w, https:\/\/iesolajara.es\/wp-content\/uploads\/2018\/03\/235db124-c24c-4622-a418-5d4577316a52-678x509.jpg 678w, https:\/\/iesolajara.es\/wp-content\/uploads\/2018\/03\/235db124-c24c-4622-a418-5d4577316a52-326x245.jpg 326w, https:\/\/iesolajara.es\/wp-content\/uploads\/2018\/03\/235db124-c24c-4622-a418-5d4577316a52-80x60.jpg 80w, https:\/\/iesolajara.es\/wp-content\/uploads\/2018\/03\/235db124-c24c-4622-a418-5d4577316a52.jpg 1600w\" sizes=\"auto, (max-width: 300px) 100vw, 300px\" \/> <img loading=\"lazy\" decoding=\"async\" class=\"aligncenter size-medium wp-image-755\" src=\"http:\/\/iesolajara.es\/wp-content\/uploads\/2018\/03\/64612f2a-c9f4-458d-8326-1e242219b26d-300x225.jpg\" alt=\"\" width=\"300\" height=\"225\" srcset=\"https:\/\/iesolajara.es\/wp-content\/uploads\/2018\/03\/64612f2a-c9f4-458d-8326-1e242219b26d-300x225.jpg 300w, https:\/\/iesolajara.es\/wp-content\/uploads\/2018\/03\/64612f2a-c9f4-458d-8326-1e242219b26d-768x576.jpg 768w, https:\/\/iesolajara.es\/wp-content\/uploads\/2018\/03\/64612f2a-c9f4-458d-8326-1e242219b26d-1024x768.jpg 1024w, https:\/\/iesolajara.es\/wp-content\/uploads\/2018\/03\/64612f2a-c9f4-458d-8326-1e242219b26d-678x509.jpg 678w, https:\/\/iesolajara.es\/wp-content\/uploads\/2018\/03\/64612f2a-c9f4-458d-8326-1e242219b26d-326x245.jpg 326w, https:\/\/iesolajara.es\/wp-content\/uploads\/2018\/03\/64612f2a-c9f4-458d-8326-1e242219b26d-80x60.jpg 80w, https:\/\/iesolajara.es\/wp-content\/uploads\/2018\/03\/64612f2a-c9f4-458d-8326-1e242219b26d.jpg 1600w\" sizes=\"auto, (max-width: 300px) 100vw, 300px\" \/> <img loading=\"lazy\" decoding=\"async\" class=\"aligncenter size-medium wp-image-756\" src=\"http:\/\/iesolajara.es\/wp-content\/uploads\/2018\/03\/67157d88-64b3-40e7-9396-cf61c57226ec-300x225.jpg\" alt=\"\" width=\"300\" height=\"225\" srcset=\"https:\/\/iesolajara.es\/wp-content\/uploads\/2018\/03\/67157d88-64b3-40e7-9396-cf61c57226ec-300x225.jpg 300w, https:\/\/iesolajara.es\/wp-content\/uploads\/2018\/03\/67157d88-64b3-40e7-9396-cf61c57226ec-768x576.jpg 768w, https:\/\/iesolajara.es\/wp-content\/uploads\/2018\/03\/67157d88-64b3-40e7-9396-cf61c57226ec-1024x768.jpg 1024w, https:\/\/iesolajara.es\/wp-content\/uploads\/2018\/03\/67157d88-64b3-40e7-9396-cf61c57226ec-678x509.jpg 678w, https:\/\/iesolajara.es\/wp-content\/uploads\/2018\/03\/67157d88-64b3-40e7-9396-cf61c57226ec-326x245.jpg 326w, https:\/\/iesolajara.es\/wp-content\/uploads\/2018\/03\/67157d88-64b3-40e7-9396-cf61c57226ec-80x60.jpg 80w, https:\/\/iesolajara.es\/wp-content\/uploads\/2018\/03\/67157d88-64b3-40e7-9396-cf61c57226ec.jpg 1280w\" sizes=\"auto, (max-width: 300px) 100vw, 300px\" \/><\/p>\n","protected":false},"excerpt":{"rendered":"<div class=\"mh-excerpt\"><p>El pasado s\u00e1bado 10 de marzo se disput\u00f3 la tercera carrera de orientaci\u00f3n correspondiente al campeonato provincial escolar de esta disciplina. Cont\u00f3 con un recorrido <a class=\"mh-excerpt-more\" href=\"https:\/\/iesolajara.es\/?p=749\" title=\"Carrera de Orientaci\u00f3n. San Lorenzo de la Parrila\">[&#8230;]<\/a><\/p>\n<\/div>","protected":false},"author":1,"featured_media":750,"comment_status":"open","ping_status":"open","sticky":false,"template":"","format":"standard","meta":{"footnotes":""},"categories":[25,8],"tags":[],"class_list":["post-749","post","type-post","status-publish","format-standard","has-post-thumbnail","hentry","category-actividades-extraescolares","category-proyecto-escolar-saludable"],"_links":{"self":[{"href":"https:\/\/iesolajara.es\/index.php?rest_route=\/wp\/v2\/posts\/749","targetHints":{"allow":["GET"]}}],"collection":[{"href":"https:\/\/iesolajara.es\/index.php?rest_route=\/wp\/v2\/posts"}],"about":[{"href":"https:\/\/iesolajara.es\/index.php?rest_route=\/wp\/v2\/types\/post"}],"author":[{"embeddable":true,"href":"https:\/\/iesolajara.es\/index.php?rest_route=\/wp\/v2\/users\/1"}],"replies":[{"embeddable":true,"href":"https:\/\/iesolajara.es\/index.php?rest_route=%2Fwp%2Fv2%2Fcomments&post=749"}],"version-history":[{"count":3,"href":"https:\/\/iesolajara.es\/index.php?rest_route=\/wp\/v2\/posts\/749\/revisions"}],"predecessor-version":[{"id":758,"href":"https:\/\/iesolajara.es\/index.php?rest_route=\/wp\/v2\/posts\/749\/revisions\/758"}],"wp:featuredmedia":[{"embeddable":true,"href":"https:\/\/iesolajara.es\/index.php?rest_route=\/wp\/v2\/media\/750"}],"wp:attachment":[{"href":"https:\/\/iesolajara.es\/index.php?rest_route=%2Fwp%2Fv2%2Fmedia&parent=749"}],"wp:term":[{"taxonomy":"category","embeddable":true,"href":"https:\/\/iesolajara.es\/index.php?rest_route=%2Fwp%2Fv2%2Fcategories&post=749"},{"taxonomy":"post_tag","embeddable":true,"href":"https:\/\/iesolajara.es\/index.php?rest_route=%2Fwp%2Fv2%2Ftags&post=749"}],"curies":[{"name":"wp","href":"https:\/\/api.w.org\/{rel}","templated":true}]}}