{"id":737,"date":"2018-02-20T18:52:04","date_gmt":"2018-02-20T18:52:04","guid":{"rendered":"http:\/\/iesolajara.es\/?p=737"},"modified":"2018-06-10T18:41:47","modified_gmt":"2018-06-10T18:41:47","slug":"iniciacion-la-escalada-cuenca","status":"publish","type":"post","link":"https:\/\/iesolajara.es\/?p=737","title":{"rendered":"Iniciaci\u00f3n a la escalada en Cuenca"},"content":{"rendered":"<p>El lunes 19 de febrero, los alumnos de <strong>tercero de eso<\/strong> visitaron el <strong>Espacio Pachamama<\/strong> en <strong>Cuenca<\/strong>. All\u00ed nos esperaba un equipo de profesionales que les introdujo en la modalidad de <strong>escalada en bloque<\/strong>, plante\u00e1ndole a los chicos problemas de trazado m\u00e1s o menos tradicional, con una secuencia ascendente, as\u00ed como traves\u00edas, lanzamientos o secuencias de escalada descendente.<\/p>\n<p>As\u00ed se complet\u00f3 la primera fase de promoci\u00f3n y difusi\u00f3n <strong>\u201cNos divertimos escalando\u201d<\/strong>, que desde el <strong>Proyecto<\/strong> <strong>Escolar Saludable<\/strong> hemos podido realizar, con el objetivo de animar a los alumnos a participar en el <strong>Campeonato Provincial de Escalada.<\/strong><\/p>\n<p><img loading=\"lazy\" decoding=\"async\" class=\"alignnone size-medium wp-image-738\" src=\"http:\/\/iesolajara.es\/wp-content\/uploads\/2018\/02\/7fd59fea-72e7-4d4d-bfe3-ec965fd86ffc-300x225.jpg\" alt=\"\" width=\"300\" height=\"225\" srcset=\"https:\/\/iesolajara.es\/wp-content\/uploads\/2018\/02\/7fd59fea-72e7-4d4d-bfe3-ec965fd86ffc-300x225.jpg 300w, https:\/\/iesolajara.es\/wp-content\/uploads\/2018\/02\/7fd59fea-72e7-4d4d-bfe3-ec965fd86ffc-768x576.jpg 768w, https:\/\/iesolajara.es\/wp-content\/uploads\/2018\/02\/7fd59fea-72e7-4d4d-bfe3-ec965fd86ffc-678x509.jpg 678w, https:\/\/iesolajara.es\/wp-content\/uploads\/2018\/02\/7fd59fea-72e7-4d4d-bfe3-ec965fd86ffc-326x245.jpg 326w, https:\/\/iesolajara.es\/wp-content\/uploads\/2018\/02\/7fd59fea-72e7-4d4d-bfe3-ec965fd86ffc-80x60.jpg 80w, https:\/\/iesolajara.es\/wp-content\/uploads\/2018\/02\/7fd59fea-72e7-4d4d-bfe3-ec965fd86ffc.jpg 1024w\" sizes=\"auto, (max-width: 300px) 100vw, 300px\" \/> <img loading=\"lazy\" decoding=\"async\" class=\"alignnone size-medium wp-image-739\" src=\"http:\/\/iesolajara.es\/wp-content\/uploads\/2018\/02\/2018-02-20-PHOTO-00000009-300x225.jpg\" alt=\"\" width=\"300\" height=\"225\" srcset=\"https:\/\/iesolajara.es\/wp-content\/uploads\/2018\/02\/2018-02-20-PHOTO-00000009-300x225.jpg 300w, https:\/\/iesolajara.es\/wp-content\/uploads\/2018\/02\/2018-02-20-PHOTO-00000009-768x576.jpg 768w, https:\/\/iesolajara.es\/wp-content\/uploads\/2018\/02\/2018-02-20-PHOTO-00000009-678x509.jpg 678w, https:\/\/iesolajara.es\/wp-content\/uploads\/2018\/02\/2018-02-20-PHOTO-00000009-326x245.jpg 326w, https:\/\/iesolajara.es\/wp-content\/uploads\/2018\/02\/2018-02-20-PHOTO-00000009-80x60.jpg 80w, https:\/\/iesolajara.es\/wp-content\/uploads\/2018\/02\/2018-02-20-PHOTO-00000009.jpg 1024w\" sizes=\"auto, (max-width: 300px) 100vw, 300px\" \/> <img loading=\"lazy\" decoding=\"async\" class=\"alignnone size-medium wp-image-740\" src=\"http:\/\/iesolajara.es\/wp-content\/uploads\/2018\/02\/2018-02-20-PHOTO-00000008-300x225.jpg\" alt=\"\" width=\"300\" height=\"225\" srcset=\"https:\/\/iesolajara.es\/wp-content\/uploads\/2018\/02\/2018-02-20-PHOTO-00000008-300x225.jpg 300w, https:\/\/iesolajara.es\/wp-content\/uploads\/2018\/02\/2018-02-20-PHOTO-00000008-768x576.jpg 768w, https:\/\/iesolajara.es\/wp-content\/uploads\/2018\/02\/2018-02-20-PHOTO-00000008-678x509.jpg 678w, https:\/\/iesolajara.es\/wp-content\/uploads\/2018\/02\/2018-02-20-PHOTO-00000008-326x245.jpg 326w, https:\/\/iesolajara.es\/wp-content\/uploads\/2018\/02\/2018-02-20-PHOTO-00000008-80x60.jpg 80w, https:\/\/iesolajara.es\/wp-content\/uploads\/2018\/02\/2018-02-20-PHOTO-00000008.jpg 1024w\" sizes=\"auto, (max-width: 300px) 100vw, 300px\" \/> <img loading=\"lazy\" decoding=\"async\" class=\"alignnone size-medium wp-image-741\" src=\"http:\/\/iesolajara.es\/wp-content\/uploads\/2018\/02\/2018-02-20-PHOTO-00000007-225x300.jpg\" alt=\"\" width=\"225\" height=\"300\" srcset=\"https:\/\/iesolajara.es\/wp-content\/uploads\/2018\/02\/2018-02-20-PHOTO-00000007-225x300.jpg 225w, https:\/\/iesolajara.es\/wp-content\/uploads\/2018\/02\/2018-02-20-PHOTO-00000007.jpg 768w\" sizes=\"auto, (max-width: 225px) 100vw, 225px\" \/> <img loading=\"lazy\" decoding=\"async\" class=\"alignnone size-medium wp-image-742\" src=\"http:\/\/iesolajara.es\/wp-content\/uploads\/2018\/02\/2018-02-20-PHOTO-00000005-300x225.jpg\" alt=\"\" width=\"300\" height=\"225\" srcset=\"https:\/\/iesolajara.es\/wp-content\/uploads\/2018\/02\/2018-02-20-PHOTO-00000005-300x225.jpg 300w, https:\/\/iesolajara.es\/wp-content\/uploads\/2018\/02\/2018-02-20-PHOTO-00000005-768x576.jpg 768w, https:\/\/iesolajara.es\/wp-content\/uploads\/2018\/02\/2018-02-20-PHOTO-00000005-678x509.jpg 678w, https:\/\/iesolajara.es\/wp-content\/uploads\/2018\/02\/2018-02-20-PHOTO-00000005-326x245.jpg 326w, https:\/\/iesolajara.es\/wp-content\/uploads\/2018\/02\/2018-02-20-PHOTO-00000005-80x60.jpg 80w, https:\/\/iesolajara.es\/wp-content\/uploads\/2018\/02\/2018-02-20-PHOTO-00000005.jpg 1024w\" sizes=\"auto, (max-width: 300px) 100vw, 300px\" \/> <img loading=\"lazy\" decoding=\"async\" class=\"alignnone size-medium wp-image-743\" src=\"http:\/\/iesolajara.es\/wp-content\/uploads\/2018\/02\/2018-02-20-PHOTO-00000003-300x225.jpg\" alt=\"\" width=\"300\" height=\"225\" srcset=\"https:\/\/iesolajara.es\/wp-content\/uploads\/2018\/02\/2018-02-20-PHOTO-00000003-300x225.jpg 300w, https:\/\/iesolajara.es\/wp-content\/uploads\/2018\/02\/2018-02-20-PHOTO-00000003-768x576.jpg 768w, https:\/\/iesolajara.es\/wp-content\/uploads\/2018\/02\/2018-02-20-PHOTO-00000003-678x509.jpg 678w, https:\/\/iesolajara.es\/wp-content\/uploads\/2018\/02\/2018-02-20-PHOTO-00000003-326x245.jpg 326w, https:\/\/iesolajara.es\/wp-content\/uploads\/2018\/02\/2018-02-20-PHOTO-00000003-80x60.jpg 80w, https:\/\/iesolajara.es\/wp-content\/uploads\/2018\/02\/2018-02-20-PHOTO-00000003.jpg 1024w\" sizes=\"auto, (max-width: 300px) 100vw, 300px\" \/><\/p>\n<p>&nbsp;<\/p>\n","protected":false},"excerpt":{"rendered":"<div class=\"mh-excerpt\"><p>El lunes 19 de febrero, los alumnos de tercero de eso visitaron el Espacio Pachamama en Cuenca. All\u00ed nos esperaba un equipo de profesionales que <a class=\"mh-excerpt-more\" href=\"https:\/\/iesolajara.es\/?p=737\" title=\"Iniciaci\u00f3n a la escalada en Cuenca\">[&#8230;]<\/a><\/p>\n<\/div>","protected":false},"author":2,"featured_media":744,"comment_status":"open","ping_status":"open","sticky":false,"template":"","format":"standard","meta":{"footnotes":""},"categories":[25,8],"tags":[],"class_list":["post-737","post","type-post","status-publish","format-standard","has-post-thumbnail","hentry","category-actividades-extraescolares","category-proyecto-escolar-saludable"],"_links":{"self":[{"href":"https:\/\/iesolajara.es\/index.php?rest_route=\/wp\/v2\/posts\/737","targetHints":{"allow":["GET"]}}],"collection":[{"href":"https:\/\/iesolajara.es\/index.php?rest_route=\/wp\/v2\/posts"}],"about":[{"href":"https:\/\/iesolajara.es\/index.php?rest_route=\/wp\/v2\/types\/post"}],"author":[{"embeddable":true,"href":"https:\/\/iesolajara.es\/index.php?rest_route=\/wp\/v2\/users\/2"}],"replies":[{"embeddable":true,"href":"https:\/\/iesolajara.es\/index.php?rest_route=%2Fwp%2Fv2%2Fcomments&post=737"}],"version-history":[{"count":1,"href":"https:\/\/iesolajara.es\/index.php?rest_route=\/wp\/v2\/posts\/737\/revisions"}],"predecessor-version":[{"id":745,"href":"https:\/\/iesolajara.es\/index.php?rest_route=\/wp\/v2\/posts\/737\/revisions\/745"}],"wp:featuredmedia":[{"embeddable":true,"href":"https:\/\/iesolajara.es\/index.php?rest_route=\/wp\/v2\/media\/744"}],"wp:attachment":[{"href":"https:\/\/iesolajara.es\/index.php?rest_route=%2Fwp%2Fv2%2Fmedia&parent=737"}],"wp:term":[{"taxonomy":"category","embeddable":true,"href":"https:\/\/iesolajara.es\/index.php?rest_route=%2Fwp%2Fv2%2Fcategories&post=737"},{"taxonomy":"post_tag","embeddable":true,"href":"https:\/\/iesolajara.es\/index.php?rest_route=%2Fwp%2Fv2%2Ftags&post=737"}],"curies":[{"name":"wp","href":"https:\/\/api.w.org\/{rel}","templated":true}]}}