{"id":572,"date":"2017-12-21T19:53:02","date_gmt":"2017-12-21T19:53:02","guid":{"rendered":"http:\/\/iesolajara.es\/?p=572"},"modified":"2018-06-10T18:43:14","modified_gmt":"2018-06-10T18:43:14","slug":"campeones-la-xii-carrera-jarena","status":"publish","type":"post","link":"https:\/\/iesolajara.es\/?p=572","title":{"rendered":"CAMPEONES EN LA XII CARRERA JARE\u00d1A"},"content":{"rendered":"<p>El s\u00e1bado 19 de diciembre se celebr\u00f3 la XII Carrera Jare\u00f1a de Navidad. Una multitud de corredores de toda la comarca se reunieron a competir por el recorrido de 6 km que bordeaba el pueblo.<\/p>\n<p>Con la ayuda de la aplicaci\u00f3n \u00abrunkeeper\u00bb, compartimos el recorrido y el tiempo de los corredores representantes del IESO LA JARA, por supuesto, siempre ganadores:<\/p>\n<p style=\"text-align: center\">CATEGOR\u00cdA FEMENINA:<\/p>\n<p style=\"text-align: center\">PRIMERA POSICI\u00d3N: ROC\u00cdO<\/p>\n<p><img loading=\"lazy\" decoding=\"async\" class=\"wp-image-573 aligncenter\" src=\"http:\/\/iesolajara.es\/wp-content\/uploads\/2017\/12\/IMG_5792-219x300.jpg\" alt=\"\" width=\"282\" height=\"387\" srcset=\"https:\/\/iesolajara.es\/wp-content\/uploads\/2017\/12\/IMG_5792-219x300.jpg 219w, https:\/\/iesolajara.es\/wp-content\/uploads\/2017\/12\/IMG_5792.jpg 640w\" sizes=\"auto, (max-width: 282px) 100vw, 282px\" \/><\/p>\n<p style=\"text-align: center\">SEGUNDO PUESTO: PAULA\u00a0<img loading=\"lazy\" decoding=\"async\" class=\"wp-image-580 aligncenter\" src=\"http:\/\/iesolajara.es\/wp-content\/uploads\/2017\/12\/IMG_5798-300x289.jpg\" alt=\"\" width=\"297\" height=\"286\" srcset=\"https:\/\/iesolajara.es\/wp-content\/uploads\/2017\/12\/IMG_5798-300x289.jpg 300w, https:\/\/iesolajara.es\/wp-content\/uploads\/2017\/12\/IMG_5798.jpg 626w\" sizes=\"auto, (max-width: 297px) 100vw, 297px\" \/><\/p>\n<p style=\"text-align: center\">\u00a0 \u00a0 \u00a0 TERCER PUESTO: IRATXE<img loading=\"lazy\" decoding=\"async\" class=\"wp-image-574 aligncenter\" src=\"http:\/\/iesolajara.es\/wp-content\/uploads\/2017\/12\/IMG_5793-220x300.jpg\" alt=\"\" width=\"281\" height=\"384\" \/><\/p>\n<p>&nbsp;<\/p>\n<p style=\"text-align: center\">CUARTO PUESTO: LAURA Y SONIA<\/p>\n<p style=\"text-align: center\"><img loading=\"lazy\" decoding=\"async\" class=\"wp-image-579 aligncenter\" src=\"http:\/\/iesolajara.es\/wp-content\/uploads\/2017\/12\/IMG_5797-218x300.jpg\" alt=\"\" width=\"304\" height=\"418\" srcset=\"https:\/\/iesolajara.es\/wp-content\/uploads\/2017\/12\/IMG_5797-218x300.jpg 218w, https:\/\/iesolajara.es\/wp-content\/uploads\/2017\/12\/IMG_5797.jpg 640w\" sizes=\"auto, (max-width: 304px) 100vw, 304px\" \/><\/p>\n<p style=\"text-align: center\">\u00a0 \u00a0 \u00a0 \u00a0 \u00a0 QUINTO PUESTO: TANIA<img loading=\"lazy\" decoding=\"async\" class=\"wp-image-582 aligncenter\" src=\"http:\/\/iesolajara.es\/wp-content\/uploads\/2017\/12\/IMG_5800-300x288.jpg\" alt=\"\" width=\"381\" height=\"365\" srcset=\"https:\/\/iesolajara.es\/wp-content\/uploads\/2017\/12\/IMG_5800-300x288.jpg 300w, https:\/\/iesolajara.es\/wp-content\/uploads\/2017\/12\/IMG_5800.jpg 640w\" sizes=\"auto, (max-width: 381px) 100vw, 381px\" \/><\/p>\n<p style=\"text-align: center\">CATEGOR\u00cdA MASCULINA:<\/p>\n<p style=\"text-align: center\">PRIMER PUESTO: HUGO<\/p>\n<p>&nbsp;<\/p>\n<p><img loading=\"lazy\" decoding=\"async\" class=\"wp-image-578 aligncenter\" src=\"http:\/\/iesolajara.es\/wp-content\/uploads\/2017\/12\/IMG_5795-228x300.jpg\" alt=\"\" width=\"294\" height=\"387\" srcset=\"https:\/\/iesolajara.es\/wp-content\/uploads\/2017\/12\/IMG_5795-228x300.jpg 228w, https:\/\/iesolajara.es\/wp-content\/uploads\/2017\/12\/IMG_5795.jpg 640w\" sizes=\"auto, (max-width: 294px) 100vw, 294px\" \/><\/p>\n<p style=\"text-align: center\">SEGUNDO PUESTO: BORJA \u00a0 \u00a0 \u00a0 \u00a0 \u00a0 \u00a0 \u00a0 \u00a0 \u00a0 \u00a0 \u00a0 \u00a0 \u00a0 \u00a0<img loading=\"lazy\" decoding=\"async\" class=\"wp-image-576 aligncenter\" src=\"http:\/\/iesolajara.es\/wp-content\/uploads\/2017\/12\/IMG_5794-223x300.jpg\" alt=\"\" width=\"289\" height=\"389\" srcset=\"https:\/\/iesolajara.es\/wp-content\/uploads\/2017\/12\/IMG_5794-223x300.jpg 223w, https:\/\/iesolajara.es\/wp-content\/uploads\/2017\/12\/IMG_5794.jpg 640w\" sizes=\"auto, (max-width: 289px) 100vw, 289px\" \/><\/p>\n<p style=\"text-align: center\">TERCER PUESTO: GIN\u00c9S<\/p>\n<p style=\"text-align: center\"><img loading=\"lazy\" decoding=\"async\" class=\"wp-image-581 aligncenter\" src=\"http:\/\/iesolajara.es\/wp-content\/uploads\/2017\/12\/IMG_5799-219x300.jpg\" alt=\"\" width=\"290\" height=\"398\" srcset=\"https:\/\/iesolajara.es\/wp-content\/uploads\/2017\/12\/IMG_5799-219x300.jpg 219w, https:\/\/iesolajara.es\/wp-content\/uploads\/2017\/12\/IMG_5799.jpg 640w\" sizes=\"auto, (max-width: 290px) 100vw, 290px\" \/><\/p>\n","protected":false},"excerpt":{"rendered":"<div class=\"mh-excerpt\"><p>El s\u00e1bado 19 de diciembre se celebr\u00f3 la XII Carrera Jare\u00f1a de Navidad. Una multitud de corredores de toda la comarca se reunieron a competir <a class=\"mh-excerpt-more\" href=\"https:\/\/iesolajara.es\/?p=572\" title=\"CAMPEONES EN LA XII CARRERA JARE\u00d1A\">[&#8230;]<\/a><\/p>\n<\/div>","protected":false},"author":2,"featured_media":584,"comment_status":"open","ping_status":"open","sticky":false,"template":"","format":"standard","meta":{"footnotes":""},"categories":[25,8],"tags":[],"class_list":["post-572","post","type-post","status-publish","format-standard","has-post-thumbnail","hentry","category-actividades-extraescolares","category-proyecto-escolar-saludable"],"_links":{"self":[{"href":"https:\/\/iesolajara.es\/index.php?rest_route=\/wp\/v2\/posts\/572","targetHints":{"allow":["GET"]}}],"collection":[{"href":"https:\/\/iesolajara.es\/index.php?rest_route=\/wp\/v2\/posts"}],"about":[{"href":"https:\/\/iesolajara.es\/index.php?rest_route=\/wp\/v2\/types\/post"}],"author":[{"embeddable":true,"href":"https:\/\/iesolajara.es\/index.php?rest_route=\/wp\/v2\/users\/2"}],"replies":[{"embeddable":true,"href":"https:\/\/iesolajara.es\/index.php?rest_route=%2Fwp%2Fv2%2Fcomments&post=572"}],"version-history":[{"count":7,"href":"https:\/\/iesolajara.es\/index.php?rest_route=\/wp\/v2\/posts\/572\/revisions"}],"predecessor-version":[{"id":588,"href":"https:\/\/iesolajara.es\/index.php?rest_route=\/wp\/v2\/posts\/572\/revisions\/588"}],"wp:featuredmedia":[{"embeddable":true,"href":"https:\/\/iesolajara.es\/index.php?rest_route=\/wp\/v2\/media\/584"}],"wp:attachment":[{"href":"https:\/\/iesolajara.es\/index.php?rest_route=%2Fwp%2Fv2%2Fmedia&parent=572"}],"wp:term":[{"taxonomy":"category","embeddable":true,"href":"https:\/\/iesolajara.es\/index.php?rest_route=%2Fwp%2Fv2%2Fcategories&post=572"},{"taxonomy":"post_tag","embeddable":true,"href":"https:\/\/iesolajara.es\/index.php?rest_route=%2Fwp%2Fv2%2Ftags&post=572"}],"curies":[{"name":"wp","href":"https:\/\/api.w.org\/{rel}","templated":true}]}}