{"id":549,"date":"2017-12-02T15:39:29","date_gmt":"2017-12-02T15:39:29","guid":{"rendered":"http:\/\/iesolajara.es\/?p=549"},"modified":"2018-06-10T18:43:44","modified_gmt":"2018-06-10T18:43:44","slug":"taller-kung-fu","status":"publish","type":"post","link":"https:\/\/iesolajara.es\/?p=549","title":{"rendered":"Taller de KUNG FU"},"content":{"rendered":"<p>El maestro Alfonso Mart\u00ednez Abarca (cintur\u00f3n negro, sexto dan y entrenador nacional) nos ha ofrecido un fant\u00e1stico taller de kung fu para las clases de primero de la eso. Andad con ojo con los peque\u00f1os del instituto!<\/p>\n<p><img loading=\"lazy\" decoding=\"async\" class=\"alignnone size-medium wp-image-550\" src=\"http:\/\/iesolajara.es\/wp-content\/uploads\/2017\/12\/3E732E3A-916D-4869-994A-BFAAD1138973-300x207.jpeg\" alt=\"\" width=\"300\" height=\"207\" srcset=\"https:\/\/iesolajara.es\/wp-content\/uploads\/2017\/12\/3E732E3A-916D-4869-994A-BFAAD1138973-300x207.jpeg 300w, https:\/\/iesolajara.es\/wp-content\/uploads\/2017\/12\/3E732E3A-916D-4869-994A-BFAAD1138973-768x529.jpeg 768w, https:\/\/iesolajara.es\/wp-content\/uploads\/2017\/12\/3E732E3A-916D-4869-994A-BFAAD1138973-1024x706.jpeg 1024w, https:\/\/iesolajara.es\/wp-content\/uploads\/2017\/12\/3E732E3A-916D-4869-994A-BFAAD1138973.jpeg 1698w\" sizes=\"auto, (max-width: 300px) 100vw, 300px\" \/>\u00a0 \u00a0\u00a0<img loading=\"lazy\" decoding=\"async\" class=\"alignnone size-medium wp-image-551\" src=\"http:\/\/iesolajara.es\/wp-content\/uploads\/2017\/12\/E51BE05A-C7C9-4D4F-97B4-B9D7A880BF43-300x224.jpeg\" alt=\"\" width=\"300\" height=\"224\" srcset=\"https:\/\/iesolajara.es\/wp-content\/uploads\/2017\/12\/E51BE05A-C7C9-4D4F-97B4-B9D7A880BF43-300x224.jpeg 300w, https:\/\/iesolajara.es\/wp-content\/uploads\/2017\/12\/E51BE05A-C7C9-4D4F-97B4-B9D7A880BF43-768x574.jpeg 768w, https:\/\/iesolajara.es\/wp-content\/uploads\/2017\/12\/E51BE05A-C7C9-4D4F-97B4-B9D7A880BF43-1024x765.jpeg 1024w, https:\/\/iesolajara.es\/wp-content\/uploads\/2017\/12\/E51BE05A-C7C9-4D4F-97B4-B9D7A880BF43-678x509.jpeg 678w, https:\/\/iesolajara.es\/wp-content\/uploads\/2017\/12\/E51BE05A-C7C9-4D4F-97B4-B9D7A880BF43-326x245.jpeg 326w, https:\/\/iesolajara.es\/wp-content\/uploads\/2017\/12\/E51BE05A-C7C9-4D4F-97B4-B9D7A880BF43-80x60.jpeg 80w, https:\/\/iesolajara.es\/wp-content\/uploads\/2017\/12\/E51BE05A-C7C9-4D4F-97B4-B9D7A880BF43.jpeg 2048w\" sizes=\"auto, (max-width: 300px) 100vw, 300px\" \/><img loading=\"lazy\" decoding=\"async\" class=\"alignnone size-medium wp-image-552\" src=\"http:\/\/iesolajara.es\/wp-content\/uploads\/2017\/12\/14E07847-A023-4165-A9C4-F65AC626928B-300x224.jpeg\" alt=\"\" width=\"300\" height=\"224\" srcset=\"https:\/\/iesolajara.es\/wp-content\/uploads\/2017\/12\/14E07847-A023-4165-A9C4-F65AC626928B-300x224.jpeg 300w, https:\/\/iesolajara.es\/wp-content\/uploads\/2017\/12\/14E07847-A023-4165-A9C4-F65AC626928B-768x574.jpeg 768w, https:\/\/iesolajara.es\/wp-content\/uploads\/2017\/12\/14E07847-A023-4165-A9C4-F65AC626928B-1024x765.jpeg 1024w, https:\/\/iesolajara.es\/wp-content\/uploads\/2017\/12\/14E07847-A023-4165-A9C4-F65AC626928B-678x509.jpeg 678w, https:\/\/iesolajara.es\/wp-content\/uploads\/2017\/12\/14E07847-A023-4165-A9C4-F65AC626928B-326x245.jpeg 326w, https:\/\/iesolajara.es\/wp-content\/uploads\/2017\/12\/14E07847-A023-4165-A9C4-F65AC626928B-80x60.jpeg 80w, https:\/\/iesolajara.es\/wp-content\/uploads\/2017\/12\/14E07847-A023-4165-A9C4-F65AC626928B.jpeg 2048w\" sizes=\"auto, (max-width: 300px) 100vw, 300px\" \/><img loading=\"lazy\" decoding=\"async\" class=\"alignnone size-medium wp-image-553\" src=\"http:\/\/iesolajara.es\/wp-content\/uploads\/2017\/12\/2EE11328-C0B8-40B7-BE22-AF91469910F3-300x224.jpeg\" alt=\"\" width=\"300\" height=\"224\" srcset=\"https:\/\/iesolajara.es\/wp-content\/uploads\/2017\/12\/2EE11328-C0B8-40B7-BE22-AF91469910F3-300x224.jpeg 300w, https:\/\/iesolajara.es\/wp-content\/uploads\/2017\/12\/2EE11328-C0B8-40B7-BE22-AF91469910F3-768x574.jpeg 768w, https:\/\/iesolajara.es\/wp-content\/uploads\/2017\/12\/2EE11328-C0B8-40B7-BE22-AF91469910F3-1024x765.jpeg 1024w, https:\/\/iesolajara.es\/wp-content\/uploads\/2017\/12\/2EE11328-C0B8-40B7-BE22-AF91469910F3-678x509.jpeg 678w, https:\/\/iesolajara.es\/wp-content\/uploads\/2017\/12\/2EE11328-C0B8-40B7-BE22-AF91469910F3-326x245.jpeg 326w, https:\/\/iesolajara.es\/wp-content\/uploads\/2017\/12\/2EE11328-C0B8-40B7-BE22-AF91469910F3-80x60.jpeg 80w, https:\/\/iesolajara.es\/wp-content\/uploads\/2017\/12\/2EE11328-C0B8-40B7-BE22-AF91469910F3.jpeg 2048w\" sizes=\"auto, (max-width: 300px) 100vw, 300px\" \/><\/p>\n<p><iframe loading=\"lazy\" title=\"Kung fu en IESO LA JARA: luxaci\u00f3n\" width=\"500\" height=\"281\" src=\"https:\/\/www.youtube.com\/embed\/9cFJeOWGvbs?start=22&#038;feature=oembed\" frameborder=\"0\" allow=\"accelerometer; autoplay; clipboard-write; encrypted-media; gyroscope; picture-in-picture; web-share\" referrerpolicy=\"strict-origin-when-cross-origin\" allowfullscreen><\/iframe><\/p>\n<p><iframe loading=\"lazy\" title=\"Kung fu en IESO LA JARA\" width=\"500\" height=\"281\" src=\"https:\/\/www.youtube.com\/embed\/CEmUmGmBcvE?feature=oembed\" frameborder=\"0\" allow=\"accelerometer; autoplay; clipboard-write; encrypted-media; gyroscope; picture-in-picture; web-share\" referrerpolicy=\"strict-origin-when-cross-origin\" allowfullscreen><\/iframe><\/p>\n","protected":false},"excerpt":{"rendered":"<div class=\"mh-excerpt\"><p>El maestro Alfonso Mart\u00ednez Abarca (cintur\u00f3n negro, sexto dan y entrenador nacional) nos ha ofrecido un fant\u00e1stico taller de kung fu para las clases de <a class=\"mh-excerpt-more\" href=\"https:\/\/iesolajara.es\/?p=549\" title=\"Taller de KUNG FU\">[&#8230;]<\/a><\/p>\n<\/div>","protected":false},"author":2,"featured_media":554,"comment_status":"open","ping_status":"open","sticky":false,"template":"","format":"standard","meta":{"footnotes":""},"categories":[25,8],"tags":[],"class_list":["post-549","post","type-post","status-publish","format-standard","has-post-thumbnail","hentry","category-actividades-extraescolares","category-proyecto-escolar-saludable"],"_links":{"self":[{"href":"https:\/\/iesolajara.es\/index.php?rest_route=\/wp\/v2\/posts\/549","targetHints":{"allow":["GET"]}}],"collection":[{"href":"https:\/\/iesolajara.es\/index.php?rest_route=\/wp\/v2\/posts"}],"about":[{"href":"https:\/\/iesolajara.es\/index.php?rest_route=\/wp\/v2\/types\/post"}],"author":[{"embeddable":true,"href":"https:\/\/iesolajara.es\/index.php?rest_route=\/wp\/v2\/users\/2"}],"replies":[{"embeddable":true,"href":"https:\/\/iesolajara.es\/index.php?rest_route=%2Fwp%2Fv2%2Fcomments&post=549"}],"version-history":[{"count":4,"href":"https:\/\/iesolajara.es\/index.php?rest_route=\/wp\/v2\/posts\/549\/revisions"}],"predecessor-version":[{"id":558,"href":"https:\/\/iesolajara.es\/index.php?rest_route=\/wp\/v2\/posts\/549\/revisions\/558"}],"wp:featuredmedia":[{"embeddable":true,"href":"https:\/\/iesolajara.es\/index.php?rest_route=\/wp\/v2\/media\/554"}],"wp:attachment":[{"href":"https:\/\/iesolajara.es\/index.php?rest_route=%2Fwp%2Fv2%2Fmedia&parent=549"}],"wp:term":[{"taxonomy":"category","embeddable":true,"href":"https:\/\/iesolajara.es\/index.php?rest_route=%2Fwp%2Fv2%2Fcategories&post=549"},{"taxonomy":"post_tag","embeddable":true,"href":"https:\/\/iesolajara.es\/index.php?rest_route=%2Fwp%2Fv2%2Ftags&post=549"}],"curies":[{"name":"wp","href":"https:\/\/api.w.org\/{rel}","templated":true}]}}