{"id":539,"date":"2017-12-02T14:42:56","date_gmt":"2017-12-02T14:42:56","guid":{"rendered":"http:\/\/iesolajara.es\/?p=539"},"modified":"2017-12-02T16:09:00","modified_gmt":"2017-12-02T16:09:00","slug":"kilometros-de-solidaridad","status":"publish","type":"post","link":"https:\/\/iesolajara.es\/?p=539","title":{"rendered":"Kil\u00f3metros de solidaridad"},"content":{"rendered":"<p>Un a\u00f1o m\u00e1s, celebramos la carrera \u00abSave the Children\u00bb, mucho m\u00e1s que una actividad deportiva, en defensa y promoci\u00f3n de los derechos de la infancia. Muchas gracias a todos por vuestra participaci\u00f3n!! \u00a0Aqu\u00ed ten\u00e9is los cinco primeros puestos (categor\u00eda masculina y femenina), los cuales tendr\u00e1n su recompensa&#8230;<\/p>\n<p><img loading=\"lazy\" decoding=\"async\" class=\"alignnone size-medium wp-image-540\" src=\"http:\/\/iesolajara.es\/wp-content\/uploads\/2017\/12\/IMG_5495-300x300.jpg\" alt=\"\" width=\"300\" height=\"300\" srcset=\"https:\/\/iesolajara.es\/wp-content\/uploads\/2017\/12\/IMG_5495-300x300.jpg 300w, https:\/\/iesolajara.es\/wp-content\/uploads\/2017\/12\/IMG_5495-150x150.jpg 150w, https:\/\/iesolajara.es\/wp-content\/uploads\/2017\/12\/IMG_5495.jpg 640w\" sizes=\"auto, (max-width: 300px) 100vw, 300px\" \/>\u00a0 \u00a0 \u00a0 \u00a0 \u00a0 \u00a0 \u00a0 \u00a0 \u00a0 \u00a0 \u00a0 \u00a0 \u00a0 \u00a0 \u00a0 \u00a0 \u00a0 \u00a0 \u00a0 \u00a0 \u00a0 \u00a0 \u00a0 \u00a0 \u00a0 \u00a0 \u00a0 \u00a0 \u00a0 \u00a0 \u00a0 \u00a0 \u00a0\u00a0<img loading=\"lazy\" decoding=\"async\" class=\"alignnone size-medium wp-image-541\" src=\"http:\/\/iesolajara.es\/wp-content\/uploads\/2017\/12\/IMG_5497-300x225.jpg\" alt=\"\" width=\"300\" height=\"225\" srcset=\"https:\/\/iesolajara.es\/wp-content\/uploads\/2017\/12\/IMG_5497-300x225.jpg 300w, https:\/\/iesolajara.es\/wp-content\/uploads\/2017\/12\/IMG_5497-326x245.jpg 326w, https:\/\/iesolajara.es\/wp-content\/uploads\/2017\/12\/IMG_5497-80x60.jpg 80w, https:\/\/iesolajara.es\/wp-content\/uploads\/2017\/12\/IMG_5497.jpg 640w\" sizes=\"auto, (max-width: 300px) 100vw, 300px\" \/><\/p>\n<p><img loading=\"lazy\" decoding=\"async\" class=\"alignnone size-medium wp-image-543\" src=\"http:\/\/iesolajara.es\/wp-content\/uploads\/2017\/12\/IMG_5483-300x225.jpg\" alt=\"\" width=\"300\" height=\"225\" srcset=\"https:\/\/iesolajara.es\/wp-content\/uploads\/2017\/12\/IMG_5483-300x225.jpg 300w, https:\/\/iesolajara.es\/wp-content\/uploads\/2017\/12\/IMG_5483-326x245.jpg 326w, https:\/\/iesolajara.es\/wp-content\/uploads\/2017\/12\/IMG_5483-80x60.jpg 80w, https:\/\/iesolajara.es\/wp-content\/uploads\/2017\/12\/IMG_5483.jpg 640w\" sizes=\"auto, (max-width: 300px) 100vw, 300px\" \/>\u00a0 \u00a0 \u00a0 \u00a0 \u00a0 \u00a0 \u00a0 \u00a0 \u00a0 \u00a0 \u00a0 \u00a0 \u00a0 \u00a0 \u00a0 \u00a0 \u00a0 \u00a0 \u00a0 \u00a0 \u00a0 \u00a0 \u00a0 \u00a0 \u00a0 \u00a0 \u00a0 \u00a0 \u00a0 \u00a0 \u00a0 \u00a0 \u00a0<img loading=\"lazy\" decoding=\"async\" class=\"alignnone size-medium wp-image-543\" src=\"http:\/\/iesolajara.es\/wp-content\/uploads\/2017\/12\/IMG_5483-300x225.jpg\" alt=\"\" width=\"300\" height=\"225\" srcset=\"https:\/\/iesolajara.es\/wp-content\/uploads\/2017\/12\/IMG_5483-300x225.jpg 300w, https:\/\/iesolajara.es\/wp-content\/uploads\/2017\/12\/IMG_5483-326x245.jpg 326w, https:\/\/iesolajara.es\/wp-content\/uploads\/2017\/12\/IMG_5483-80x60.jpg 80w, https:\/\/iesolajara.es\/wp-content\/uploads\/2017\/12\/IMG_5483.jpg 640w\" sizes=\"auto, (max-width: 300px) 100vw, 300px\" \/><\/p>\n<p><img loading=\"lazy\" decoding=\"async\" class=\"alignnone size-medium wp-image-544\" src=\"http:\/\/iesolajara.es\/wp-content\/uploads\/2017\/12\/IMG_5485-300x225.jpg\" alt=\"\" width=\"300\" height=\"225\" srcset=\"https:\/\/iesolajara.es\/wp-content\/uploads\/2017\/12\/IMG_5485-300x225.jpg 300w, https:\/\/iesolajara.es\/wp-content\/uploads\/2017\/12\/IMG_5485-326x245.jpg 326w, https:\/\/iesolajara.es\/wp-content\/uploads\/2017\/12\/IMG_5485-80x60.jpg 80w, https:\/\/iesolajara.es\/wp-content\/uploads\/2017\/12\/IMG_5485.jpg 640w\" sizes=\"auto, (max-width: 300px) 100vw, 300px\" \/>\u00a0 \u00a0 \u00a0 \u00a0 \u00a0 \u00a0 \u00a0 \u00a0 \u00a0 \u00a0 \u00a0 \u00a0 \u00a0 \u00a0 \u00a0 \u00a0 \u00a0 \u00a0 \u00a0 \u00a0 \u00a0 \u00a0 \u00a0 \u00a0 \u00a0 \u00a0 \u00a0 \u00a0 \u00a0 \u00a0 \u00a0 \u00a0\u00a0<img loading=\"lazy\" decoding=\"async\" class=\"alignnone size-medium wp-image-545\" src=\"http:\/\/iesolajara.es\/wp-content\/uploads\/2017\/12\/IMG_5488-300x225.jpg\" alt=\"\" width=\"300\" height=\"225\" srcset=\"https:\/\/iesolajara.es\/wp-content\/uploads\/2017\/12\/IMG_5488-300x225.jpg 300w, https:\/\/iesolajara.es\/wp-content\/uploads\/2017\/12\/IMG_5488-326x245.jpg 326w, https:\/\/iesolajara.es\/wp-content\/uploads\/2017\/12\/IMG_5488-80x60.jpg 80w, https:\/\/iesolajara.es\/wp-content\/uploads\/2017\/12\/IMG_5488.jpg 640w\" sizes=\"auto, (max-width: 300px) 100vw, 300px\" \/><\/p>\n<p><img loading=\"lazy\" decoding=\"async\" class=\"alignnone size-medium wp-image-546\" src=\"http:\/\/iesolajara.es\/wp-content\/uploads\/2017\/12\/IMG_5489-300x225.jpg\" alt=\"\" width=\"300\" height=\"225\" srcset=\"https:\/\/iesolajara.es\/wp-content\/uploads\/2017\/12\/IMG_5489-300x225.jpg 300w, https:\/\/iesolajara.es\/wp-content\/uploads\/2017\/12\/IMG_5489-326x245.jpg 326w, https:\/\/iesolajara.es\/wp-content\/uploads\/2017\/12\/IMG_5489-80x60.jpg 80w, https:\/\/iesolajara.es\/wp-content\/uploads\/2017\/12\/IMG_5489.jpg 640w\" sizes=\"auto, (max-width: 300px) 100vw, 300px\" \/><\/p>\n<p><iframe loading=\"lazy\" title=\"Carrera Solidaria IESO LA JARA 2017\" width=\"500\" height=\"281\" src=\"https:\/\/www.youtube.com\/embed\/rVfq-A9ywj8?feature=oembed\" frameborder=\"0\" allow=\"accelerometer; autoplay; clipboard-write; encrypted-media; gyroscope; picture-in-picture; web-share\" referrerpolicy=\"strict-origin-when-cross-origin\" allowfullscreen><\/iframe><\/p>\n","protected":false},"excerpt":{"rendered":"<div class=\"mh-excerpt\"><p>Un a\u00f1o m\u00e1s, celebramos la carrera \u00abSave the Children\u00bb, mucho m\u00e1s que una actividad deportiva, en defensa y promoci\u00f3n de los derechos de la infancia. <a class=\"mh-excerpt-more\" href=\"https:\/\/iesolajara.es\/?p=539\" title=\"Kil\u00f3metros de solidaridad\">[&#8230;]<\/a><\/p>\n<\/div>","protected":false},"author":2,"featured_media":547,"comment_status":"open","ping_status":"open","sticky":false,"template":"","format":"standard","meta":{"footnotes":""},"categories":[8],"tags":[],"class_list":["post-539","post","type-post","status-publish","format-standard","has-post-thumbnail","hentry","category-proyecto-escolar-saludable"],"_links":{"self":[{"href":"https:\/\/iesolajara.es\/index.php?rest_route=\/wp\/v2\/posts\/539","targetHints":{"allow":["GET"]}}],"collection":[{"href":"https:\/\/iesolajara.es\/index.php?rest_route=\/wp\/v2\/posts"}],"about":[{"href":"https:\/\/iesolajara.es\/index.php?rest_route=\/wp\/v2\/types\/post"}],"author":[{"embeddable":true,"href":"https:\/\/iesolajara.es\/index.php?rest_route=\/wp\/v2\/users\/2"}],"replies":[{"embeddable":true,"href":"https:\/\/iesolajara.es\/index.php?rest_route=%2Fwp%2Fv2%2Fcomments&post=539"}],"version-history":[{"count":2,"href":"https:\/\/iesolajara.es\/index.php?rest_route=\/wp\/v2\/posts\/539\/revisions"}],"predecessor-version":[{"id":559,"href":"https:\/\/iesolajara.es\/index.php?rest_route=\/wp\/v2\/posts\/539\/revisions\/559"}],"wp:featuredmedia":[{"embeddable":true,"href":"https:\/\/iesolajara.es\/index.php?rest_route=\/wp\/v2\/media\/547"}],"wp:attachment":[{"href":"https:\/\/iesolajara.es\/index.php?rest_route=%2Fwp%2Fv2%2Fmedia&parent=539"}],"wp:term":[{"taxonomy":"category","embeddable":true,"href":"https:\/\/iesolajara.es\/index.php?rest_route=%2Fwp%2Fv2%2Fcategories&post=539"},{"taxonomy":"post_tag","embeddable":true,"href":"https:\/\/iesolajara.es\/index.php?rest_route=%2Fwp%2Fv2%2Ftags&post=539"}],"curies":[{"name":"wp","href":"https:\/\/api.w.org\/{rel}","templated":true}]}}