{"id":525,"date":"2017-11-29T12:16:46","date_gmt":"2017-11-29T12:16:46","guid":{"rendered":"http:\/\/iesolajara.es\/?p=525"},"modified":"2017-12-02T14:13:16","modified_gmt":"2017-12-02T14:13:16","slug":"ruta-btt-4o-barchin-del-hoyo","status":"publish","type":"post","link":"https:\/\/iesolajara.es\/?p=525","title":{"rendered":"RUTA BTT 4\u00ba ESO: BARCH\u00cdN DEL HOYO"},"content":{"rendered":"<p>Los alumnos de 4\u00ba disfrutaron de una ruta con la bicicleta de monta\u00f1a de 15 km en los alrededores de Barch\u00edn del Hoyo. Partiendo del Centro de Interpretaci\u00f3n, realizaron una gran subida hacia el Yacimiento Arqueol\u00f3gico Fuente de la Mota, acompa\u00f1ados por el arque\u00f3logo Carlos Villar que explic\u00f3 la huella ind\u00edgena, romana y medieval de la organizaci\u00f3n del territorio. Gran bajada hacia Las Vaquerizas y finalizaci\u00f3n en la Ermita del Espino.<\/p>\n<p>\u00a1Enhorabuena por el esfuerzo chicos de 4\u00ba! \u00a0Mereci\u00f3 la pena\u00a0<img loading=\"lazy\" decoding=\"async\" class=\"alignnone size-medium wp-image-526\" src=\"http:\/\/iesolajara.es\/wp-content\/uploads\/2017\/11\/34704539-38B3-463F-A29B-24209FB9AA01-300x225.jpeg\" alt=\"\" width=\"300\" height=\"225\" srcset=\"https:\/\/iesolajara.es\/wp-content\/uploads\/2017\/11\/34704539-38B3-463F-A29B-24209FB9AA01-300x225.jpeg 300w, https:\/\/iesolajara.es\/wp-content\/uploads\/2017\/11\/34704539-38B3-463F-A29B-24209FB9AA01-326x245.jpeg 326w, https:\/\/iesolajara.es\/wp-content\/uploads\/2017\/11\/34704539-38B3-463F-A29B-24209FB9AA01-80x60.jpeg 80w, https:\/\/iesolajara.es\/wp-content\/uploads\/2017\/11\/34704539-38B3-463F-A29B-24209FB9AA01.jpeg 640w\" sizes=\"auto, (max-width: 300px) 100vw, 300px\" \/><img loading=\"lazy\" decoding=\"async\" class=\"alignnone size-medium wp-image-527\" src=\"http:\/\/iesolajara.es\/wp-content\/uploads\/2017\/11\/2F103591-F7CB-44DC-A227-E4583B8A1D44-225x300.jpeg\" alt=\"\" width=\"225\" height=\"300\" srcset=\"https:\/\/iesolajara.es\/wp-content\/uploads\/2017\/11\/2F103591-F7CB-44DC-A227-E4583B8A1D44-225x300.jpeg 225w, https:\/\/iesolajara.es\/wp-content\/uploads\/2017\/11\/2F103591-F7CB-44DC-A227-E4583B8A1D44.jpeg 480w\" sizes=\"auto, (max-width: 225px) 100vw, 225px\" \/><img loading=\"lazy\" decoding=\"async\" class=\"alignnone size-medium wp-image-528\" src=\"http:\/\/iesolajara.es\/wp-content\/uploads\/2017\/11\/62300C40-66DB-488B-8807-62939010EB8B-300x225.jpeg\" alt=\"\" width=\"300\" height=\"225\" srcset=\"https:\/\/iesolajara.es\/wp-content\/uploads\/2017\/11\/62300C40-66DB-488B-8807-62939010EB8B-300x225.jpeg 300w, https:\/\/iesolajara.es\/wp-content\/uploads\/2017\/11\/62300C40-66DB-488B-8807-62939010EB8B-326x245.jpeg 326w, https:\/\/iesolajara.es\/wp-content\/uploads\/2017\/11\/62300C40-66DB-488B-8807-62939010EB8B-80x60.jpeg 80w, https:\/\/iesolajara.es\/wp-content\/uploads\/2017\/11\/62300C40-66DB-488B-8807-62939010EB8B.jpeg 640w\" sizes=\"auto, (max-width: 300px) 100vw, 300px\" \/><img loading=\"lazy\" decoding=\"async\" class=\"alignnone size-medium wp-image-529\" src=\"http:\/\/iesolajara.es\/wp-content\/uploads\/2017\/11\/C0276547-3743-40A4-80E7-455183255CBD-300x225.jpeg\" alt=\"\" width=\"300\" height=\"225\" srcset=\"https:\/\/iesolajara.es\/wp-content\/uploads\/2017\/11\/C0276547-3743-40A4-80E7-455183255CBD-300x225.jpeg 300w, https:\/\/iesolajara.es\/wp-content\/uploads\/2017\/11\/C0276547-3743-40A4-80E7-455183255CBD-326x245.jpeg 326w, https:\/\/iesolajara.es\/wp-content\/uploads\/2017\/11\/C0276547-3743-40A4-80E7-455183255CBD-80x60.jpeg 80w, https:\/\/iesolajara.es\/wp-content\/uploads\/2017\/11\/C0276547-3743-40A4-80E7-455183255CBD.jpeg 640w\" sizes=\"auto, (max-width: 300px) 100vw, 300px\" \/><\/p>\n","protected":false},"excerpt":{"rendered":"<div class=\"mh-excerpt\"><p>Los alumnos de 4\u00ba disfrutaron de una ruta con la bicicleta de monta\u00f1a de 15 km en los alrededores de Barch\u00edn del Hoyo. Partiendo del <a class=\"mh-excerpt-more\" href=\"https:\/\/iesolajara.es\/?p=525\" title=\"RUTA BTT 4\u00ba ESO: BARCH\u00cdN DEL HOYO\">[&#8230;]<\/a><\/p>\n<\/div>","protected":false},"author":2,"featured_media":537,"comment_status":"open","ping_status":"open","sticky":false,"template":"","format":"standard","meta":{"footnotes":""},"categories":[8],"tags":[],"class_list":["post-525","post","type-post","status-publish","format-standard","has-post-thumbnail","hentry","category-proyecto-escolar-saludable"],"_links":{"self":[{"href":"https:\/\/iesolajara.es\/index.php?rest_route=\/wp\/v2\/posts\/525","targetHints":{"allow":["GET"]}}],"collection":[{"href":"https:\/\/iesolajara.es\/index.php?rest_route=\/wp\/v2\/posts"}],"about":[{"href":"https:\/\/iesolajara.es\/index.php?rest_route=\/wp\/v2\/types\/post"}],"author":[{"embeddable":true,"href":"https:\/\/iesolajara.es\/index.php?rest_route=\/wp\/v2\/users\/2"}],"replies":[{"embeddable":true,"href":"https:\/\/iesolajara.es\/index.php?rest_route=%2Fwp%2Fv2%2Fcomments&post=525"}],"version-history":[{"count":2,"href":"https:\/\/iesolajara.es\/index.php?rest_route=\/wp\/v2\/posts\/525\/revisions"}],"predecessor-version":[{"id":538,"href":"https:\/\/iesolajara.es\/index.php?rest_route=\/wp\/v2\/posts\/525\/revisions\/538"}],"wp:featuredmedia":[{"embeddable":true,"href":"https:\/\/iesolajara.es\/index.php?rest_route=\/wp\/v2\/media\/537"}],"wp:attachment":[{"href":"https:\/\/iesolajara.es\/index.php?rest_route=%2Fwp%2Fv2%2Fmedia&parent=525"}],"wp:term":[{"taxonomy":"category","embeddable":true,"href":"https:\/\/iesolajara.es\/index.php?rest_route=%2Fwp%2Fv2%2Fcategories&post=525"},{"taxonomy":"post_tag","embeddable":true,"href":"https:\/\/iesolajara.es\/index.php?rest_route=%2Fwp%2Fv2%2Ftags&post=525"}],"curies":[{"name":"wp","href":"https:\/\/api.w.org\/{rel}","templated":true}]}}