{"id":4070,"date":"2025-04-10T11:10:35","date_gmt":"2025-04-10T10:10:35","guid":{"rendered":"https:\/\/iesolajara.es\/?p=4070"},"modified":"2025-04-10T11:10:35","modified_gmt":"2025-04-10T10:10:35","slug":"teatro-en-albacete-una-noche-lorca","status":"publish","type":"post","link":"https:\/\/iesolajara.es\/?p=4070","title":{"rendered":"Teatro en Albacete  \u201cUna noche\u2026 Lorca\u201d"},"content":{"rendered":"\n<p>El pasado martes 8 de abril, un grupo de estudiantes tuvo la oportunidad de asistir a la funci\u00f3n<br>teatral \u00abUna noche\u2026 Lorca\u00bb, a cargo de la compa\u00f1\u00eda de Albacete EA! Teatro, dedicada al<br>legado del c\u00e9lebre poeta y dramaturgo espa\u00f1ol Federico Garc\u00eda Lorca para fomentar el inter\u00e9s<br>por la literatura y las artes esc\u00e9nicas, acercando a los j\u00f3venes a una de las figuras m\u00e1s<br>influyentes de la literatura del siglo XX.<\/p>\n\n\n\n<p><br>La obra consisti\u00f3 en una recopilaci\u00f3n dramatizada de escenas de algunas de sus principales<br>obras, entrelazadas con pasajes po\u00e9ticos. Los actores interpretaron fragmentos de El maleficio<br>de la mariposa, Amor de don Perlimpl\u00edn con Belisa en su jard\u00edn, Bodas de sangre, y La<br>zapatera prodigiosa. Tambi\u00e9n se incluyeron extractos de El p\u00fablico, una de sus obras m\u00e1s<br>complejas y simb\u00f3licas, que permiti\u00f3 explorar el lado m\u00e1s surrealista y experimental del<br>dramaturgo.<\/p>\n\n\n\n<p><br>Las obras escogidas abordan temas universales como la pasi\u00f3n, la libertad, el honor, el deseo<br>reprimido y la opresi\u00f3n social, especialmente en relaci\u00f3n con la figura femenina, tan presente y<br>simb\u00f3lica en toda la obra de Lorca. Precisamente el pr\u00f3ximo 24 de abril, con motivo del<br>mercado solidario, los alumnos de 1\u00ba y 4\u00ba representar\u00e1n en nuestro centro varias escenas de<br>dos de las obras que pudimos ver. Bodas de sangre en formato de teatro de sombras y La<br>zapatera prodigiosa en teatro de marionetas, realizadas por los propios alumnos durante las<br>clases de Pl\u00e1stica.<\/p>\n\n\n\n<p><br>Tras la funci\u00f3n, los estudiantes participaron en un taller dirigido por el equipo art\u00edstico de la<br>obra, cre\u00e1ndose un espacio de interacci\u00f3n y de di\u00e1logo que les ha permitido reconocer los<br>aspectos relevantes del proceso creativo, as\u00ed como participar en din\u00e1micas teatrales que les<br>ayudaron a entender mejor el lenguaje esc\u00e9nico y los conflictos internos de los personajes<br>lorquianos.<\/p>\n\n\n\n<p><br>La actividad result\u00f3 enriquecedora tanto desde el punto de vista acad\u00e9mico como emocional,<br>dejando una profunda impresi\u00f3n en los asistentes y permitiendo la reflexi\u00f3n sobre el papel del<br>teatro como herramienta de cr\u00edtica social y de expresi\u00f3n art\u00edstica. En definitiva, la visita al teatro<br>y el posterior taller permitieron a los estudiantes acercarse de manera vivencial y significativa a<br>la figura de Federico Garc\u00eda Lorca, descubriendo no solo el valor literario de su obra, sino<br>tambi\u00e9n su compromiso con la libertad, la belleza y la verdad. Fue una experiencia cultural que,<br>sin duda, permanecer\u00e1 en la memoria de todos los participantes.<\/p>\n\n\n\n<p class=\"has-text-align-right\"><strong>Juan Carlos S\u00e1nchez Oliver<\/strong><\/p>\n\n\n\n<figure class=\"wp-block-image size-large\"><img loading=\"lazy\" decoding=\"async\" width=\"1024\" height=\"768\" src=\"https:\/\/iesolajara.es\/wp-content\/uploads\/2025\/04\/20250408_131430-1024x768.jpg\" alt=\"\" class=\"wp-image-4071\" srcset=\"https:\/\/iesolajara.es\/wp-content\/uploads\/2025\/04\/20250408_131430-1024x768.jpg 1024w, https:\/\/iesolajara.es\/wp-content\/uploads\/2025\/04\/20250408_131430-300x225.jpg 300w, https:\/\/iesolajara.es\/wp-content\/uploads\/2025\/04\/20250408_131430-768x576.jpg 768w, https:\/\/iesolajara.es\/wp-content\/uploads\/2025\/04\/20250408_131430-1536x1152.jpg 1536w, https:\/\/iesolajara.es\/wp-content\/uploads\/2025\/04\/20250408_131430-2048x1536.jpg 2048w, https:\/\/iesolajara.es\/wp-content\/uploads\/2025\/04\/20250408_131430-678x509.jpg 678w, https:\/\/iesolajara.es\/wp-content\/uploads\/2025\/04\/20250408_131430-326x245.jpg 326w, https:\/\/iesolajara.es\/wp-content\/uploads\/2025\/04\/20250408_131430-80x60.jpg 80w\" sizes=\"auto, (max-width: 1024px) 100vw, 1024px\" \/><\/figure>\n\n\n\n<figure class=\"wp-block-image size-large\"><img loading=\"lazy\" decoding=\"async\" width=\"1024\" height=\"768\" src=\"https:\/\/iesolajara.es\/wp-content\/uploads\/2025\/04\/20250408_095153-1024x768.jpg\" alt=\"\" class=\"wp-image-4072\" srcset=\"https:\/\/iesolajara.es\/wp-content\/uploads\/2025\/04\/20250408_095153-1024x768.jpg 1024w, https:\/\/iesolajara.es\/wp-content\/uploads\/2025\/04\/20250408_095153-300x225.jpg 300w, https:\/\/iesolajara.es\/wp-content\/uploads\/2025\/04\/20250408_095153-768x576.jpg 768w, https:\/\/iesolajara.es\/wp-content\/uploads\/2025\/04\/20250408_095153-1536x1152.jpg 1536w, https:\/\/iesolajara.es\/wp-content\/uploads\/2025\/04\/20250408_095153-2048x1536.jpg 2048w, https:\/\/iesolajara.es\/wp-content\/uploads\/2025\/04\/20250408_095153-678x509.jpg 678w, https:\/\/iesolajara.es\/wp-content\/uploads\/2025\/04\/20250408_095153-326x245.jpg 326w, https:\/\/iesolajara.es\/wp-content\/uploads\/2025\/04\/20250408_095153-80x60.jpg 80w\" sizes=\"auto, (max-width: 1024px) 100vw, 1024px\" \/><\/figure>\n\n\n\n<figure class=\"wp-block-image size-large\"><img loading=\"lazy\" decoding=\"async\" width=\"1024\" height=\"768\" src=\"https:\/\/iesolajara.es\/wp-content\/uploads\/2025\/04\/20250408_115633-1024x768.jpg\" alt=\"\" class=\"wp-image-4073\" srcset=\"https:\/\/iesolajara.es\/wp-content\/uploads\/2025\/04\/20250408_115633-1024x768.jpg 1024w, https:\/\/iesolajara.es\/wp-content\/uploads\/2025\/04\/20250408_115633-300x225.jpg 300w, https:\/\/iesolajara.es\/wp-content\/uploads\/2025\/04\/20250408_115633-768x576.jpg 768w, https:\/\/iesolajara.es\/wp-content\/uploads\/2025\/04\/20250408_115633-1536x1152.jpg 1536w, https:\/\/iesolajara.es\/wp-content\/uploads\/2025\/04\/20250408_115633-2048x1536.jpg 2048w, https:\/\/iesolajara.es\/wp-content\/uploads\/2025\/04\/20250408_115633-678x509.jpg 678w, https:\/\/iesolajara.es\/wp-content\/uploads\/2025\/04\/20250408_115633-326x245.jpg 326w, https:\/\/iesolajara.es\/wp-content\/uploads\/2025\/04\/20250408_115633-80x60.jpg 80w\" sizes=\"auto, (max-width: 1024px) 100vw, 1024px\" \/><\/figure>\n\n\n\n<figure class=\"wp-block-image size-large\"><img loading=\"lazy\" decoding=\"async\" width=\"1024\" height=\"768\" src=\"https:\/\/iesolajara.es\/wp-content\/uploads\/2025\/04\/20250408_115644-1024x768.jpg\" alt=\"\" class=\"wp-image-4074\" srcset=\"https:\/\/iesolajara.es\/wp-content\/uploads\/2025\/04\/20250408_115644-1024x768.jpg 1024w, https:\/\/iesolajara.es\/wp-content\/uploads\/2025\/04\/20250408_115644-300x225.jpg 300w, https:\/\/iesolajara.es\/wp-content\/uploads\/2025\/04\/20250408_115644-768x576.jpg 768w, https:\/\/iesolajara.es\/wp-content\/uploads\/2025\/04\/20250408_115644-1536x1152.jpg 1536w, https:\/\/iesolajara.es\/wp-content\/uploads\/2025\/04\/20250408_115644-2048x1536.jpg 2048w, https:\/\/iesolajara.es\/wp-content\/uploads\/2025\/04\/20250408_115644-678x509.jpg 678w, https:\/\/iesolajara.es\/wp-content\/uploads\/2025\/04\/20250408_115644-326x245.jpg 326w, https:\/\/iesolajara.es\/wp-content\/uploads\/2025\/04\/20250408_115644-80x60.jpg 80w\" sizes=\"auto, (max-width: 1024px) 100vw, 1024px\" \/><\/figure>\n","protected":false},"excerpt":{"rendered":"<div class=\"mh-excerpt\"><p>El pasado martes 8 de abril, un grupo de estudiantes tuvo la oportunidad de asistir a la funci\u00f3nteatral \u00abUna noche\u2026 Lorca\u00bb, a cargo de la <a class=\"mh-excerpt-more\" href=\"https:\/\/iesolajara.es\/?p=4070\" title=\"Teatro en Albacete  \u201cUna noche\u2026 Lorca\u201d\">[&#8230;]<\/a><\/p>\n<\/div>","protected":false},"author":26,"featured_media":4071,"comment_status":"open","ping_status":"open","sticky":false,"template":"","format":"standard","meta":{"footnotes":""},"categories":[25,1],"tags":[],"class_list":["post-4070","post","type-post","status-publish","format-standard","has-post-thumbnail","hentry","category-actividades-extraescolares","category-general"],"_links":{"self":[{"href":"https:\/\/iesolajara.es\/index.php?rest_route=\/wp\/v2\/posts\/4070","targetHints":{"allow":["GET"]}}],"collection":[{"href":"https:\/\/iesolajara.es\/index.php?rest_route=\/wp\/v2\/posts"}],"about":[{"href":"https:\/\/iesolajara.es\/index.php?rest_route=\/wp\/v2\/types\/post"}],"author":[{"embeddable":true,"href":"https:\/\/iesolajara.es\/index.php?rest_route=\/wp\/v2\/users\/26"}],"replies":[{"embeddable":true,"href":"https:\/\/iesolajara.es\/index.php?rest_route=%2Fwp%2Fv2%2Fcomments&post=4070"}],"version-history":[{"count":1,"href":"https:\/\/iesolajara.es\/index.php?rest_route=\/wp\/v2\/posts\/4070\/revisions"}],"predecessor-version":[{"id":4075,"href":"https:\/\/iesolajara.es\/index.php?rest_route=\/wp\/v2\/posts\/4070\/revisions\/4075"}],"wp:featuredmedia":[{"embeddable":true,"href":"https:\/\/iesolajara.es\/index.php?rest_route=\/wp\/v2\/media\/4071"}],"wp:attachment":[{"href":"https:\/\/iesolajara.es\/index.php?rest_route=%2Fwp%2Fv2%2Fmedia&parent=4070"}],"wp:term":[{"taxonomy":"category","embeddable":true,"href":"https:\/\/iesolajara.es\/index.php?rest_route=%2Fwp%2Fv2%2Fcategories&post=4070"},{"taxonomy":"post_tag","embeddable":true,"href":"https:\/\/iesolajara.es\/index.php?rest_route=%2Fwp%2Fv2%2Ftags&post=4070"}],"curies":[{"name":"wp","href":"https:\/\/api.w.org\/{rel}","templated":true}]}}