{"id":3831,"date":"2024-11-26T19:11:36","date_gmt":"2024-11-26T18:11:36","guid":{"rendered":"https:\/\/iesolajara.es\/?p=3831"},"modified":"2024-11-26T19:11:36","modified_gmt":"2024-11-26T18:11:36","slug":"carrera-solidaria-18-de-diciembre","status":"publish","type":"post","link":"https:\/\/iesolajara.es\/?p=3831","title":{"rendered":"Carrera solidaria &#8211; 18 de diciembre"},"content":{"rendered":"\n<p>El IESO La Jara y el CEIP Hermenegildo Moreno, junto con sus asociaciones de madres y padres (AMPA), hemos organizado una carrera solidaria para el pr\u00f3ximo 18 de diciembre con la finalidad de recaudar fondos para centros educativos afectados por las inundaciones en Letur y Valencia.<\/p>\n\n\n\n<figure class=\"wp-block-image size-large\"><img loading=\"lazy\" decoding=\"async\" width=\"1024\" height=\"755\" src=\"https:\/\/iesolajara.es\/wp-content\/uploads\/2024\/11\/dorsal-solidario-1-1024x755.jpg\" alt=\"\" class=\"wp-image-3832\" srcset=\"https:\/\/iesolajara.es\/wp-content\/uploads\/2024\/11\/dorsal-solidario-1-1024x755.jpg 1024w, https:\/\/iesolajara.es\/wp-content\/uploads\/2024\/11\/dorsal-solidario-1-300x221.jpg 300w, https:\/\/iesolajara.es\/wp-content\/uploads\/2024\/11\/dorsal-solidario-1-768x566.jpg 768w, https:\/\/iesolajara.es\/wp-content\/uploads\/2024\/11\/dorsal-solidario-1-1536x1132.jpg 1536w, https:\/\/iesolajara.es\/wp-content\/uploads\/2024\/11\/dorsal-solidario-1-2048x1510.jpg 2048w, https:\/\/iesolajara.es\/wp-content\/uploads\/2024\/11\/dorsal-solidario-1-80x60.jpg 80w\" sizes=\"auto, (max-width: 1024px) 100vw, 1024px\" \/><\/figure>\n\n\n\n<p>Comprando este dorsal por tan solo 3 euros est\u00e1s ayudando a la compra de equipaci\u00f3n escolar perdida por las riadas. Este dorsal, realizado por la alumna Mar P\u00e9rez Palomares, ha sido elegido entre todos los dise\u00f1os elaborados por el alumnado de 4\u00ba ESO. <\/p>\n\n\n\n<p>Est\u00e1n a la venta en cualquiera de los dos centros o a trav\u00e9s del alumnado de 4\u00ba ESO. <\/p>\n\n\n\n<p>Las dos asociaciones de padres y madres de alumnos colaborar\u00e1n llevando un chocolate con magdalenas para almorzar. Os animamos a participar en esta iniciativa solidaria, no hace falta que seas alumno\/a, padre o madre, \u00a1\u00a1puede participar cualquiera!!  El recorrido se puede hacer corriendo o andando, ser\u00e1 un trayecto corto. Ser\u00e1 a media ma\u00f1ana, pero pr\u00f3ximamente pondremos el horario.<\/p>\n\n\n\n<p><\/p>\n","protected":false},"excerpt":{"rendered":"<div class=\"mh-excerpt\"><p>El IESO La Jara y el CEIP Hermenegildo Moreno, junto con sus asociaciones de madres y padres (AMPA), hemos organizado una carrera solidaria para el <a class=\"mh-excerpt-more\" href=\"https:\/\/iesolajara.es\/?p=3831\" title=\"Carrera solidaria &#8211; 18 de diciembre\">[&#8230;]<\/a><\/p>\n<\/div>","protected":false},"author":26,"featured_media":3832,"comment_status":"open","ping_status":"open","sticky":false,"template":"","format":"standard","meta":{"footnotes":""},"categories":[1,8],"tags":[256,252,62],"class_list":["post-3831","post","type-post","status-publish","format-standard","has-post-thumbnail","hentry","category-general","category-proyecto-escolar-saludable","tag-carrerasolidaria","tag-inundaciones","tag-solidaridad"],"_links":{"self":[{"href":"https:\/\/iesolajara.es\/index.php?rest_route=\/wp\/v2\/posts\/3831","targetHints":{"allow":["GET"]}}],"collection":[{"href":"https:\/\/iesolajara.es\/index.php?rest_route=\/wp\/v2\/posts"}],"about":[{"href":"https:\/\/iesolajara.es\/index.php?rest_route=\/wp\/v2\/types\/post"}],"author":[{"embeddable":true,"href":"https:\/\/iesolajara.es\/index.php?rest_route=\/wp\/v2\/users\/26"}],"replies":[{"embeddable":true,"href":"https:\/\/iesolajara.es\/index.php?rest_route=%2Fwp%2Fv2%2Fcomments&post=3831"}],"version-history":[{"count":1,"href":"https:\/\/iesolajara.es\/index.php?rest_route=\/wp\/v2\/posts\/3831\/revisions"}],"predecessor-version":[{"id":3833,"href":"https:\/\/iesolajara.es\/index.php?rest_route=\/wp\/v2\/posts\/3831\/revisions\/3833"}],"wp:featuredmedia":[{"embeddable":true,"href":"https:\/\/iesolajara.es\/index.php?rest_route=\/wp\/v2\/media\/3832"}],"wp:attachment":[{"href":"https:\/\/iesolajara.es\/index.php?rest_route=%2Fwp%2Fv2%2Fmedia&parent=3831"}],"wp:term":[{"taxonomy":"category","embeddable":true,"href":"https:\/\/iesolajara.es\/index.php?rest_route=%2Fwp%2Fv2%2Fcategories&post=3831"},{"taxonomy":"post_tag","embeddable":true,"href":"https:\/\/iesolajara.es\/index.php?rest_route=%2Fwp%2Fv2%2Ftags&post=3831"}],"curies":[{"name":"wp","href":"https:\/\/api.w.org\/{rel}","templated":true}]}}