{"id":3631,"date":"2024-02-09T13:02:01","date_gmt":"2024-02-09T13:02:01","guid":{"rendered":"http:\/\/iesolajara.es\/?p=3631"},"modified":"2024-02-14T09:47:40","modified_gmt":"2024-02-14T09:47:40","slug":"11-de-febrero-dia-internacional-de-la-mujer-y-de-la-nina-en-la-ciencia","status":"publish","type":"post","link":"https:\/\/iesolajara.es\/?p=3631","title":{"rendered":"11 DE FEBRERO: \u00abD\u00cdA INTERNACIONAL DE LA MUJER Y DE LA NI\u00d1A EN LA CIENCIA\u00bb"},"content":{"rendered":"\n<p>Para conmemorar este d\u00eda tan importante los alumnos de 2\u00ba, 3\u00ba y 4\u00ba de la ESO han podido entrevistar a dos importantes cient\u00edficas de Castilla la Mancha, Mar\u00eda Elena Caminos Benito e Inmaculada Ballesteros Y\u00e1\u00f1ez. Adem\u00e1s, partes de las entrevistas se pondr\u00e1n en la radio escolar durante los recreos.<\/p>\n<p>Ha sido una gran oportunidad para nuestro alumnado poder interactuar con personas tan relevantes y con tanta implicaci\u00f3n en la ciencia.<\/p>\n<p>&nbsp;<\/p>\n\n\n\n\n\n<figure class=\"wp-block-image size-large\"><img loading=\"lazy\" decoding=\"async\" width=\"1024\" height=\"514\" src=\"http:\/\/iesolajara.es\/wp-content\/uploads\/2024\/02\/Dia-internacional-de-la-mujer-y-la-nina-en-la-ciencia-3-1024x514.jpg\" alt=\"\" class=\"wp-image-3646\" srcset=\"https:\/\/iesolajara.es\/wp-content\/uploads\/2024\/02\/Dia-internacional-de-la-mujer-y-la-nina-en-la-ciencia-3-1024x514.jpg 1024w, https:\/\/iesolajara.es\/wp-content\/uploads\/2024\/02\/Dia-internacional-de-la-mujer-y-la-nina-en-la-ciencia-3-300x150.jpg 300w, https:\/\/iesolajara.es\/wp-content\/uploads\/2024\/02\/Dia-internacional-de-la-mujer-y-la-nina-en-la-ciencia-3-768x385.jpg 768w, https:\/\/iesolajara.es\/wp-content\/uploads\/2024\/02\/Dia-internacional-de-la-mujer-y-la-nina-en-la-ciencia-3-1536x770.jpg 1536w, https:\/\/iesolajara.es\/wp-content\/uploads\/2024\/02\/Dia-internacional-de-la-mujer-y-la-nina-en-la-ciencia-3-2048x1027.jpg 2048w\" sizes=\"auto, (max-width: 1024px) 100vw, 1024px\" \/><\/figure>\n\n\n\n<figure class=\"wp-block-gallery has-nested-images columns-default is-cropped wp-block-gallery-1 is-layout-flex wp-block-gallery-is-layout-flex\">\n<figure class=\"wp-block-image size-large\"><img loading=\"lazy\" decoding=\"async\" width=\"1024\" height=\"768\" data-id=\"3634\" src=\"http:\/\/iesolajara.es\/wp-content\/uploads\/2024\/02\/Alumnos-de-3o-y-4o-eso-2-1-1024x768.jpg\" alt=\"\" class=\"wp-image-3634\" srcset=\"https:\/\/iesolajara.es\/wp-content\/uploads\/2024\/02\/Alumnos-de-3o-y-4o-eso-2-1-1024x768.jpg 1024w, https:\/\/iesolajara.es\/wp-content\/uploads\/2024\/02\/Alumnos-de-3o-y-4o-eso-2-1-300x225.jpg 300w, https:\/\/iesolajara.es\/wp-content\/uploads\/2024\/02\/Alumnos-de-3o-y-4o-eso-2-1-768x576.jpg 768w, https:\/\/iesolajara.es\/wp-content\/uploads\/2024\/02\/Alumnos-de-3o-y-4o-eso-2-1-1536x1152.jpg 1536w, https:\/\/iesolajara.es\/wp-content\/uploads\/2024\/02\/Alumnos-de-3o-y-4o-eso-2-1-2048x1536.jpg 2048w, https:\/\/iesolajara.es\/wp-content\/uploads\/2024\/02\/Alumnos-de-3o-y-4o-eso-2-1-678x509.jpg 678w, https:\/\/iesolajara.es\/wp-content\/uploads\/2024\/02\/Alumnos-de-3o-y-4o-eso-2-1-326x245.jpg 326w, https:\/\/iesolajara.es\/wp-content\/uploads\/2024\/02\/Alumnos-de-3o-y-4o-eso-2-1-80x60.jpg 80w\" sizes=\"auto, (max-width: 1024px) 100vw, 1024px\" \/><\/figure>\n\n\n\n<figure class=\"wp-block-image size-large\"><img loading=\"lazy\" decoding=\"async\" width=\"1024\" height=\"768\" data-id=\"3641\" src=\"http:\/\/iesolajara.es\/wp-content\/uploads\/2024\/02\/Inmaculada-Ballesteros-Yanez-1-1024x768.jpg\" alt=\"\" class=\"wp-image-3641\" srcset=\"https:\/\/iesolajara.es\/wp-content\/uploads\/2024\/02\/Inmaculada-Ballesteros-Yanez-1-1024x768.jpg 1024w, https:\/\/iesolajara.es\/wp-content\/uploads\/2024\/02\/Inmaculada-Ballesteros-Yanez-1-300x225.jpg 300w, https:\/\/iesolajara.es\/wp-content\/uploads\/2024\/02\/Inmaculada-Ballesteros-Yanez-1-768x576.jpg 768w, https:\/\/iesolajara.es\/wp-content\/uploads\/2024\/02\/Inmaculada-Ballesteros-Yanez-1-1536x1152.jpg 1536w, https:\/\/iesolajara.es\/wp-content\/uploads\/2024\/02\/Inmaculada-Ballesteros-Yanez-1-678x509.jpg 678w, https:\/\/iesolajara.es\/wp-content\/uploads\/2024\/02\/Inmaculada-Ballesteros-Yanez-1-326x245.jpg 326w, https:\/\/iesolajara.es\/wp-content\/uploads\/2024\/02\/Inmaculada-Ballesteros-Yanez-1-80x60.jpg 80w, https:\/\/iesolajara.es\/wp-content\/uploads\/2024\/02\/Inmaculada-Ballesteros-Yanez-1.jpg 2048w\" sizes=\"auto, (max-width: 1024px) 100vw, 1024px\" \/><\/figure>\n\n\n\n<figure class=\"wp-block-image size-large\"><img loading=\"lazy\" decoding=\"async\" width=\"1024\" height=\"768\" data-id=\"3640\" src=\"http:\/\/iesolajara.es\/wp-content\/uploads\/2024\/02\/Alumnos-de-3o-y-4o-eso-2-2-1024x768.jpg\" alt=\"\" class=\"wp-image-3640\" srcset=\"https:\/\/iesolajara.es\/wp-content\/uploads\/2024\/02\/Alumnos-de-3o-y-4o-eso-2-2-1024x768.jpg 1024w, https:\/\/iesolajara.es\/wp-content\/uploads\/2024\/02\/Alumnos-de-3o-y-4o-eso-2-2-300x225.jpg 300w, https:\/\/iesolajara.es\/wp-content\/uploads\/2024\/02\/Alumnos-de-3o-y-4o-eso-2-2-768x576.jpg 768w, https:\/\/iesolajara.es\/wp-content\/uploads\/2024\/02\/Alumnos-de-3o-y-4o-eso-2-2-1536x1152.jpg 1536w, https:\/\/iesolajara.es\/wp-content\/uploads\/2024\/02\/Alumnos-de-3o-y-4o-eso-2-2-2048x1536.jpg 2048w, https:\/\/iesolajara.es\/wp-content\/uploads\/2024\/02\/Alumnos-de-3o-y-4o-eso-2-2-678x509.jpg 678w, https:\/\/iesolajara.es\/wp-content\/uploads\/2024\/02\/Alumnos-de-3o-y-4o-eso-2-2-326x245.jpg 326w, https:\/\/iesolajara.es\/wp-content\/uploads\/2024\/02\/Alumnos-de-3o-y-4o-eso-2-2-80x60.jpg 80w\" sizes=\"auto, (max-width: 1024px) 100vw, 1024px\" \/><\/figure>\n\n\n\n<figure class=\"wp-block-image size-large\"><img loading=\"lazy\" decoding=\"async\" width=\"1024\" height=\"768\" data-id=\"3639\" src=\"http:\/\/iesolajara.es\/wp-content\/uploads\/2024\/02\/Alumnos-de-2oA-1-1024x768.jpg\" alt=\"\" class=\"wp-image-3639\" srcset=\"https:\/\/iesolajara.es\/wp-content\/uploads\/2024\/02\/Alumnos-de-2oA-1-1024x768.jpg 1024w, https:\/\/iesolajara.es\/wp-content\/uploads\/2024\/02\/Alumnos-de-2oA-1-300x225.jpg 300w, https:\/\/iesolajara.es\/wp-content\/uploads\/2024\/02\/Alumnos-de-2oA-1-768x576.jpg 768w, https:\/\/iesolajara.es\/wp-content\/uploads\/2024\/02\/Alumnos-de-2oA-1-1536x1152.jpg 1536w, https:\/\/iesolajara.es\/wp-content\/uploads\/2024\/02\/Alumnos-de-2oA-1-678x509.jpg 678w, https:\/\/iesolajara.es\/wp-content\/uploads\/2024\/02\/Alumnos-de-2oA-1-326x245.jpg 326w, https:\/\/iesolajara.es\/wp-content\/uploads\/2024\/02\/Alumnos-de-2oA-1-80x60.jpg 80w, https:\/\/iesolajara.es\/wp-content\/uploads\/2024\/02\/Alumnos-de-2oA-1.jpg 2048w\" sizes=\"auto, (max-width: 1024px) 100vw, 1024px\" \/><\/figure>\n<\/figure>\n","protected":false},"excerpt":{"rendered":"<div class=\"mh-excerpt\"><\/div>","protected":false},"author":6,"featured_media":3650,"comment_status":"open","ping_status":"open","sticky":false,"template":"","format":"standard","meta":{"footnotes":""},"categories":[154],"tags":[171],"class_list":["post-3631","post","type-post","status-publish","format-standard","has-post-thumbnail","hentry","category-departamento-de-ciencias","tag-iesolajara"],"_links":{"self":[{"href":"https:\/\/iesolajara.es\/index.php?rest_route=\/wp\/v2\/posts\/3631","targetHints":{"allow":["GET"]}}],"collection":[{"href":"https:\/\/iesolajara.es\/index.php?rest_route=\/wp\/v2\/posts"}],"about":[{"href":"https:\/\/iesolajara.es\/index.php?rest_route=\/wp\/v2\/types\/post"}],"author":[{"embeddable":true,"href":"https:\/\/iesolajara.es\/index.php?rest_route=\/wp\/v2\/users\/6"}],"replies":[{"embeddable":true,"href":"https:\/\/iesolajara.es\/index.php?rest_route=%2Fwp%2Fv2%2Fcomments&post=3631"}],"version-history":[{"count":5,"href":"https:\/\/iesolajara.es\/index.php?rest_route=\/wp\/v2\/posts\/3631\/revisions"}],"predecessor-version":[{"id":3651,"href":"https:\/\/iesolajara.es\/index.php?rest_route=\/wp\/v2\/posts\/3631\/revisions\/3651"}],"wp:featuredmedia":[{"embeddable":true,"href":"https:\/\/iesolajara.es\/index.php?rest_route=\/wp\/v2\/media\/3650"}],"wp:attachment":[{"href":"https:\/\/iesolajara.es\/index.php?rest_route=%2Fwp%2Fv2%2Fmedia&parent=3631"}],"wp:term":[{"taxonomy":"category","embeddable":true,"href":"https:\/\/iesolajara.es\/index.php?rest_route=%2Fwp%2Fv2%2Fcategories&post=3631"},{"taxonomy":"post_tag","embeddable":true,"href":"https:\/\/iesolajara.es\/index.php?rest_route=%2Fwp%2Fv2%2Ftags&post=3631"}],"curies":[{"name":"wp","href":"https:\/\/api.w.org\/{rel}","templated":true}]}}