{"id":3598,"date":"2024-02-05T12:14:43","date_gmt":"2024-02-05T12:14:43","guid":{"rendered":"http:\/\/iesolajara.es\/?p=3598"},"modified":"2024-11-26T19:46:22","modified_gmt":"2024-11-26T18:46:22","slug":"ii-mercadillo-solidario","status":"publish","type":"post","link":"https:\/\/iesolajara.es\/?p=3598","title":{"rendered":"II Mercadillo Solidario"},"content":{"rendered":"\n\n\n<p>El pr\u00f3ximo 26 de abril, se celebrar\u00e1 en nuestro centro una jornada de puertas abiertas donde invitamos a toda la comunidad educativa, y al pueblo de Villanueva de la Jara, a nuestro <strong>mercadillo solidario a favor de la asociaci\u00f3n espa\u00f1ola contra el c\u00e1ncer. <\/strong>Aprovecharemos esta jornada para que el alumnado muestre los proyectos en los que est\u00e1 trabajando durante este curso escolar.<\/p>\n<p>Pod\u00e9is colaborar <strong>DEPOSITANDO LIBROS Y OTROS OBJETOS PEQUE\u00d1OS<\/strong> para su venta en dicho mercadillo, tanto en la Biblioteca municipal como en el Instituto, hasta el 5 de abril recogeremos estos art\u00edculos para su posterior venta el 26 de abril. Este d\u00eda tambi\u00e9n pondremos a la venta los art\u00edculos donados por las empresas del pueblo que han colaborado con el reto \u00abViajando con Teresa\u00bb.\u00a0<\/p>\n<p>Queremos conseguir el reto&#8230; <em><strong>\u00a1PARTICIPA Y COLABORA!<\/strong><\/em><\/p>\n\n\n\n<figure class=\"wp-block-image size-full\"><img loading=\"lazy\" decoding=\"async\" width=\"561\" height=\"795\" src=\"http:\/\/iesolajara.es\/wp-content\/uploads\/2024\/02\/Mercadillo-solidario.jpg\" alt=\"\" class=\"wp-image-3599\" srcset=\"https:\/\/iesolajara.es\/wp-content\/uploads\/2024\/02\/Mercadillo-solidario.jpg 561w, https:\/\/iesolajara.es\/wp-content\/uploads\/2024\/02\/Mercadillo-solidario-212x300.jpg 212w\" sizes=\"auto, (max-width: 561px) 100vw, 561px\" \/><\/figure>\n\n\n\n<figure class=\"wp-block-embed is-type-video is-provider-youtube wp-block-embed-youtube wp-embed-aspect-16-9 wp-has-aspect-ratio\"><div class=\"wp-block-embed__wrapper\">\n<iframe loading=\"lazy\" title=\"Jornada de puertas abiertas 2024 y Mercadillo Solidario del IESO LA JARA\" width=\"500\" height=\"281\" src=\"https:\/\/www.youtube.com\/embed\/xwi_qTSg-YE?feature=oembed\" frameborder=\"0\" allow=\"accelerometer; autoplay; clipboard-write; encrypted-media; gyroscope; picture-in-picture; web-share\" referrerpolicy=\"strict-origin-when-cross-origin\" allowfullscreen><\/iframe>\n<\/div><\/figure>\n\n\n\n<p>Este curso escolar, bajo el proyecto STEAM \u00abViajando con Teresa\u00bb, nuestra baby pelona, hemos organizado una Jornada de puertas abiertas con un Mercadillo Solidario a beneficio de la Asociaci\u00f3n Espa\u00f1ola Contra el C\u00e1ncer de Albacete. Os dejamos un resumen del pasado 26 de abril, donde conseguimos recaudar 1.720 \u20ac, que junto a las donaciones aportadas en la web de la AECC suman 2.667 \u20ac!!! <\/p>\n\n\n\n<p>MUCH\u00cdSIMAS GRACIAS a todas las empresas locales por sus aportaciones econ\u00f3micas a la hucha de Teresa y sus productos para vender en el mercadillo y en el almuerzo solidario, tambi\u00e9n al Ayuntamiento que don\u00f3 botellines de agua, al AMPA por colaborar con ese chocolate tan bueno, a las familias y al colegio por venir a nuestro mercadillo porque sin vuestras compras no ser\u00eda posible, y a los profesores y su alumnado, por su gran trabajo STEAM que otro a\u00f1o m\u00e1s nos dejan muy buen sabor de boca. Esperamos repetir la experiencia el curso que viene.<\/p>\n","protected":false},"excerpt":{"rendered":"<div class=\"mh-excerpt\"><p>Este curso escolar, bajo el proyecto STEAM \u00abViajando con Teresa\u00bb, nuestra baby pelona, hemos organizado una Jornada de puertas abiertas con un Mercadillo Solidario a <a class=\"mh-excerpt-more\" href=\"https:\/\/iesolajara.es\/?p=3598\" title=\"II Mercadillo Solidario\">[&#8230;]<\/a><\/p>\n<\/div>","protected":false},"author":4,"featured_media":3602,"comment_status":"open","ping_status":"open","sticky":false,"template":"","format":"standard","meta":{"footnotes":""},"categories":[26],"tags":[242,171,240],"class_list":["post-3598","post","type-post","status-publish","format-standard","has-post-thumbnail","hentry","category-steam","tag-asociacionespanolacancer","tag-iesolajara","tag-mercadillosolidario"],"_links":{"self":[{"href":"https:\/\/iesolajara.es\/index.php?rest_route=\/wp\/v2\/posts\/3598","targetHints":{"allow":["GET"]}}],"collection":[{"href":"https:\/\/iesolajara.es\/index.php?rest_route=\/wp\/v2\/posts"}],"about":[{"href":"https:\/\/iesolajara.es\/index.php?rest_route=\/wp\/v2\/types\/post"}],"author":[{"embeddable":true,"href":"https:\/\/iesolajara.es\/index.php?rest_route=\/wp\/v2\/users\/4"}],"replies":[{"embeddable":true,"href":"https:\/\/iesolajara.es\/index.php?rest_route=%2Fwp%2Fv2%2Fcomments&post=3598"}],"version-history":[{"count":5,"href":"https:\/\/iesolajara.es\/index.php?rest_route=\/wp\/v2\/posts\/3598\/revisions"}],"predecessor-version":[{"id":3836,"href":"https:\/\/iesolajara.es\/index.php?rest_route=\/wp\/v2\/posts\/3598\/revisions\/3836"}],"wp:featuredmedia":[{"embeddable":true,"href":"https:\/\/iesolajara.es\/index.php?rest_route=\/wp\/v2\/media\/3602"}],"wp:attachment":[{"href":"https:\/\/iesolajara.es\/index.php?rest_route=%2Fwp%2Fv2%2Fmedia&parent=3598"}],"wp:term":[{"taxonomy":"category","embeddable":true,"href":"https:\/\/iesolajara.es\/index.php?rest_route=%2Fwp%2Fv2%2Fcategories&post=3598"},{"taxonomy":"post_tag","embeddable":true,"href":"https:\/\/iesolajara.es\/index.php?rest_route=%2Fwp%2Fv2%2Ftags&post=3598"}],"curies":[{"name":"wp","href":"https:\/\/api.w.org\/{rel}","templated":true}]}}