{"id":3274,"date":"2023-05-03T09:54:48","date_gmt":"2023-05-03T09:54:48","guid":{"rendered":"http:\/\/iesolajara.es\/?p=3274"},"modified":"2023-05-08T21:03:55","modified_gmt":"2023-05-08T21:03:55","slug":"proyecto-de-innovacion-observa-y-transforma","status":"publish","type":"post","link":"https:\/\/iesolajara.es\/?p=3274","title":{"rendered":"PROYECTO DE INNOVACI\u00d3N OBSERVA Y TRANSFORMA 4 y 5 de mayo de 2023."},"content":{"rendered":"\n\n\n<p>Durante los d\u00edas 4 y 5 de mayo se celebrar\u00e1 en nuestro centro las jornadas del proyecto de innovaci\u00f3n Observa y Transforma, donde recibiremos la visita de 12 profesores de otros de centros de Castilla -La Mancha para ver nuestros proyectos.<\/p>\n\n\n\n<p>Este es el tr\u00edptico de la programaci\u00f3n.<\/p>\n\n\n\n<p><\/p>\n\n\n\n<figure class=\"wp-block-image size-large\"><img loading=\"lazy\" decoding=\"async\" width=\"1024\" height=\"724\" src=\"http:\/\/iesolajara.es\/wp-content\/uploads\/2023\/05\/TRIPTICO-1-1024x724.jpg\" alt=\"\" class=\"wp-image-3277\" srcset=\"https:\/\/iesolajara.es\/wp-content\/uploads\/2023\/05\/TRIPTICO-1-1024x724.jpg 1024w, https:\/\/iesolajara.es\/wp-content\/uploads\/2023\/05\/TRIPTICO-1-300x212.jpg 300w, https:\/\/iesolajara.es\/wp-content\/uploads\/2023\/05\/TRIPTICO-1-768x543.jpg 768w, https:\/\/iesolajara.es\/wp-content\/uploads\/2023\/05\/TRIPTICO-1-1536x1086.jpg 1536w, https:\/\/iesolajara.es\/wp-content\/uploads\/2023\/05\/TRIPTICO-1.jpg 2000w\" sizes=\"auto, (max-width: 1024px) 100vw, 1024px\" \/><\/figure>\n\n\n\n<figure class=\"wp-block-image size-large\"><img loading=\"lazy\" decoding=\"async\" width=\"1024\" height=\"724\" src=\"http:\/\/iesolajara.es\/wp-content\/uploads\/2023\/05\/TRIPTICO-2-1024x724.jpg\" alt=\"\" class=\"wp-image-3278\" srcset=\"https:\/\/iesolajara.es\/wp-content\/uploads\/2023\/05\/TRIPTICO-2-1024x724.jpg 1024w, https:\/\/iesolajara.es\/wp-content\/uploads\/2023\/05\/TRIPTICO-2-300x212.jpg 300w, https:\/\/iesolajara.es\/wp-content\/uploads\/2023\/05\/TRIPTICO-2-768x543.jpg 768w, https:\/\/iesolajara.es\/wp-content\/uploads\/2023\/05\/TRIPTICO-2-1536x1086.jpg 1536w, https:\/\/iesolajara.es\/wp-content\/uploads\/2023\/05\/TRIPTICO-2.jpg 2000w\" sizes=\"auto, (max-width: 1024px) 100vw, 1024px\" \/><\/figure>\n\n\n\n<p>Una vez finalizado el proyecto de innovaci\u00f3n Observa y Transforma en el IESO LA JARA, podemos concluir que otro a\u00f1o m\u00e1s nos encanta recibir a compa\u00f1eros y compa\u00f1eras para intercambiar nuestras experiencias. Esperamos que nuestros proyectos les sirvan de ayuda o de inspiraci\u00f3n para desarrollar los suyos y que nos lo cuenten en nuestras redes sociales. \u00a1\u00a1Much\u00edsimas gracias por visitarnos!!<\/p>\n\n\n\n<p>Y otro a\u00f1o m\u00e1s, trabajamos el empoderamiento de nuestro alumnado, que gracias a su colaboraci\u00f3n han sido los protagonistas de las jornadas.  A continuaci\u00f3n os dejamos un resumen fotogr\u00e1fico.<\/p>\n\n\n\n<p><strong>JORNADA del 4 de mayo: PROYECTOS DEL IESO LA JARA<\/strong><\/p>\n\n\n\n<p><\/p>\n\n\n\n<figure class=\"wp-block-image size-large\"><img loading=\"lazy\" decoding=\"async\" width=\"1024\" height=\"727\" src=\"http:\/\/iesolajara.es\/wp-content\/uploads\/2023\/05\/OYT_3-1024x727.jpg\" alt=\"\" class=\"wp-image-3288\" srcset=\"https:\/\/iesolajara.es\/wp-content\/uploads\/2023\/05\/OYT_3-1024x727.jpg 1024w, https:\/\/iesolajara.es\/wp-content\/uploads\/2023\/05\/OYT_3-300x213.jpg 300w, https:\/\/iesolajara.es\/wp-content\/uploads\/2023\/05\/OYT_3-768x545.jpg 768w, https:\/\/iesolajara.es\/wp-content\/uploads\/2023\/05\/OYT_3-1536x1090.jpg 1536w, https:\/\/iesolajara.es\/wp-content\/uploads\/2023\/05\/OYT_3-2048x1453.jpg 2048w\" sizes=\"auto, (max-width: 1024px) 100vw, 1024px\" \/><figcaption class=\"wp-element-caption\">Bienvenida a los profesores visitantes<\/figcaption><\/figure>\n\n\n\n<figure class=\"wp-block-gallery has-nested-images columns-default is-cropped wp-block-gallery-1 is-layout-flex wp-block-gallery-is-layout-flex\">\n<figure class=\"wp-block-image size-large\"><img loading=\"lazy\" decoding=\"async\" width=\"1024\" height=\"538\" data-id=\"3290\" src=\"http:\/\/iesolajara.es\/wp-content\/uploads\/2023\/05\/OYT_1-1024x538.jpg\" alt=\"\" class=\"wp-image-3290\" srcset=\"https:\/\/iesolajara.es\/wp-content\/uploads\/2023\/05\/OYT_1-1024x538.jpg 1024w, https:\/\/iesolajara.es\/wp-content\/uploads\/2023\/05\/OYT_1-300x158.jpg 300w, https:\/\/iesolajara.es\/wp-content\/uploads\/2023\/05\/OYT_1-768x404.jpg 768w, https:\/\/iesolajara.es\/wp-content\/uploads\/2023\/05\/OYT_1-1536x807.jpg 1536w, https:\/\/iesolajara.es\/wp-content\/uploads\/2023\/05\/OYT_1-2048x1076.jpg 2048w\" sizes=\"auto, (max-width: 1024px) 100vw, 1024px\" \/><figcaption class=\"wp-element-caption\">Bienvenida y resumen de los 3 a\u00f1os del observa y transforma en el IESO la Jara (Aurora Velencoso)<\/figcaption><\/figure>\n\n\n\n<figure class=\"wp-block-image size-large\"><img loading=\"lazy\" decoding=\"async\" width=\"1024\" height=\"552\" data-id=\"3286\" src=\"http:\/\/iesolajara.es\/wp-content\/uploads\/2023\/05\/OYT_2-1024x552.jpg\" alt=\"\" class=\"wp-image-3286\" srcset=\"https:\/\/iesolajara.es\/wp-content\/uploads\/2023\/05\/OYT_2-1024x552.jpg 1024w, https:\/\/iesolajara.es\/wp-content\/uploads\/2023\/05\/OYT_2-300x162.jpg 300w, https:\/\/iesolajara.es\/wp-content\/uploads\/2023\/05\/OYT_2-768x414.jpg 768w, https:\/\/iesolajara.es\/wp-content\/uploads\/2023\/05\/OYT_2-1536x828.jpg 1536w, https:\/\/iesolajara.es\/wp-content\/uploads\/2023\/05\/OYT_2-2048x1104.jpg 2048w\" sizes=\"auto, (max-width: 1024px) 100vw, 1024px\" \/><figcaption class=\"wp-element-caption\">Bienvenida y resumen de los 3 a\u00f1os del observa y transforma en el IESO la Jara (Aurora Velencoso)<\/figcaption><\/figure>\n\n\n\n<figure class=\"wp-block-image size-large\"><img loading=\"lazy\" decoding=\"async\" width=\"1024\" height=\"583\" data-id=\"3292\" src=\"http:\/\/iesolajara.es\/wp-content\/uploads\/2023\/05\/PROGRAMA_1-1024x583.jpg\" alt=\"\" class=\"wp-image-3292\" srcset=\"https:\/\/iesolajara.es\/wp-content\/uploads\/2023\/05\/PROGRAMA_1-1024x583.jpg 1024w, https:\/\/iesolajara.es\/wp-content\/uploads\/2023\/05\/PROGRAMA_1-300x171.jpg 300w, https:\/\/iesolajara.es\/wp-content\/uploads\/2023\/05\/PROGRAMA_1-768x437.jpg 768w, https:\/\/iesolajara.es\/wp-content\/uploads\/2023\/05\/PROGRAMA_1-1536x874.jpg 1536w, https:\/\/iesolajara.es\/wp-content\/uploads\/2023\/05\/PROGRAMA_1-2048x1166.jpg 2048w\" sizes=\"auto, (max-width: 1024px) 100vw, 1024px\" \/><figcaption class=\"wp-element-caption\">Presentaci\u00f3n del programa (Julia Moreno, coordinadora del proyecto)<\/figcaption><\/figure>\n\n\n\n<figure class=\"wp-block-image size-large\"><img loading=\"lazy\" decoding=\"async\" width=\"1024\" height=\"574\" data-id=\"3291\" src=\"http:\/\/iesolajara.es\/wp-content\/uploads\/2023\/05\/BILINGUE_2-1024x574.jpg\" alt=\"\" class=\"wp-image-3291\" srcset=\"https:\/\/iesolajara.es\/wp-content\/uploads\/2023\/05\/BILINGUE_2-1024x574.jpg 1024w, https:\/\/iesolajara.es\/wp-content\/uploads\/2023\/05\/BILINGUE_2-300x168.jpg 300w, https:\/\/iesolajara.es\/wp-content\/uploads\/2023\/05\/BILINGUE_2-768x430.jpg 768w, https:\/\/iesolajara.es\/wp-content\/uploads\/2023\/05\/BILINGUE_2-1536x861.jpg 1536w, https:\/\/iesolajara.es\/wp-content\/uploads\/2023\/05\/BILINGUE_2-2048x1148.jpg 2048w, https:\/\/iesolajara.es\/wp-content\/uploads\/2023\/05\/BILINGUE_2-678x381.jpg 678w\" sizes=\"auto, (max-width: 1024px) 100vw, 1024px\" \/><figcaption class=\"wp-element-caption\">Proyecto biling\u00fce (Carla, Cristina y Elena cuentan su experiencia)<\/figcaption><\/figure>\n\n\n\n<figure class=\"wp-block-image size-large\"><img loading=\"lazy\" decoding=\"async\" width=\"1024\" height=\"567\" data-id=\"3285\" src=\"http:\/\/iesolajara.es\/wp-content\/uploads\/2023\/05\/BILINGUE_1-1024x567.jpg\" alt=\"\" class=\"wp-image-3285\" srcset=\"https:\/\/iesolajara.es\/wp-content\/uploads\/2023\/05\/BILINGUE_1-1024x567.jpg 1024w, https:\/\/iesolajara.es\/wp-content\/uploads\/2023\/05\/BILINGUE_1-300x166.jpg 300w, https:\/\/iesolajara.es\/wp-content\/uploads\/2023\/05\/BILINGUE_1-768x426.jpg 768w, https:\/\/iesolajara.es\/wp-content\/uploads\/2023\/05\/BILINGUE_1-1536x851.jpg 1536w, https:\/\/iesolajara.es\/wp-content\/uploads\/2023\/05\/BILINGUE_1-2048x1135.jpg 2048w\" sizes=\"auto, (max-width: 1024px) 100vw, 1024px\" \/><figcaption class=\"wp-element-caption\">Proyecto biling\u00fce (Carla, Cristina y Elena cuentan su experiencia)<\/figcaption><\/figure>\n\n\n\n<figure class=\"wp-block-image size-large\"><img loading=\"lazy\" decoding=\"async\" width=\"1004\" height=\"707\" data-id=\"3284\" src=\"http:\/\/iesolajara.es\/wp-content\/uploads\/2023\/05\/AULA-FUTURO_1.jpg\" alt=\"\" class=\"wp-image-3284\" srcset=\"https:\/\/iesolajara.es\/wp-content\/uploads\/2023\/05\/AULA-FUTURO_1.jpg 1004w, https:\/\/iesolajara.es\/wp-content\/uploads\/2023\/05\/AULA-FUTURO_1-300x211.jpg 300w, https:\/\/iesolajara.es\/wp-content\/uploads\/2023\/05\/AULA-FUTURO_1-768x541.jpg 768w\" sizes=\"auto, (max-width: 1004px) 100vw, 1004px\" \/><figcaption class=\"wp-element-caption\">Aula del futuro y Huerto escolar  (Jose G. y Mar\u00eda S.)<\/figcaption><\/figure>\n\n\n\n<figure class=\"wp-block-image size-large\"><img loading=\"lazy\" decoding=\"async\" width=\"1024\" height=\"610\" data-id=\"3287\" src=\"http:\/\/iesolajara.es\/wp-content\/uploads\/2023\/05\/HUERTO_1-1024x610.jpg\" alt=\"\" class=\"wp-image-3287\" srcset=\"https:\/\/iesolajara.es\/wp-content\/uploads\/2023\/05\/HUERTO_1-1024x610.jpg 1024w, https:\/\/iesolajara.es\/wp-content\/uploads\/2023\/05\/HUERTO_1-300x179.jpg 300w, https:\/\/iesolajara.es\/wp-content\/uploads\/2023\/05\/HUERTO_1-768x457.jpg 768w, https:\/\/iesolajara.es\/wp-content\/uploads\/2023\/05\/HUERTO_1-1536x915.jpg 1536w, https:\/\/iesolajara.es\/wp-content\/uploads\/2023\/05\/HUERTO_1-2048x1220.jpg 2048w\" sizes=\"auto, (max-width: 1024px) 100vw, 1024px\" \/><figcaption class=\"wp-element-caption\">Aula del futuro y Huerto escolar  (Jose G. y Mar\u00eda S.)<\/figcaption><\/figure>\n\n\n\n<figure class=\"wp-block-image size-large\"><img loading=\"lazy\" decoding=\"async\" width=\"1024\" height=\"659\" data-id=\"3293\" src=\"http:\/\/iesolajara.es\/wp-content\/uploads\/2023\/05\/RADIO_1-1024x659.jpg\" alt=\"\" class=\"wp-image-3293\" srcset=\"https:\/\/iesolajara.es\/wp-content\/uploads\/2023\/05\/RADIO_1-1024x659.jpg 1024w, https:\/\/iesolajara.es\/wp-content\/uploads\/2023\/05\/RADIO_1-300x193.jpg 300w, https:\/\/iesolajara.es\/wp-content\/uploads\/2023\/05\/RADIO_1-768x494.jpg 768w, https:\/\/iesolajara.es\/wp-content\/uploads\/2023\/05\/RADIO_1-1536x988.jpg 1536w, https:\/\/iesolajara.es\/wp-content\/uploads\/2023\/05\/RADIO_1-2048x1318.jpg 2048w\" sizes=\"auto, (max-width: 1024px) 100vw, 1024px\" \/><figcaption class=\"wp-element-caption\">Plan de Igualdad y radio escolar (Gerardo C.)<\/figcaption><\/figure>\n\n\n\n<figure class=\"wp-block-image size-large\"><img loading=\"lazy\" decoding=\"async\" width=\"1024\" height=\"565\" data-id=\"3294\" src=\"http:\/\/iesolajara.es\/wp-content\/uploads\/2023\/05\/RADIO_2-1024x565.jpg\" alt=\"\" class=\"wp-image-3294\" srcset=\"https:\/\/iesolajara.es\/wp-content\/uploads\/2023\/05\/RADIO_2-1024x565.jpg 1024w, https:\/\/iesolajara.es\/wp-content\/uploads\/2023\/05\/RADIO_2-300x165.jpg 300w, https:\/\/iesolajara.es\/wp-content\/uploads\/2023\/05\/RADIO_2-768x424.jpg 768w, https:\/\/iesolajara.es\/wp-content\/uploads\/2023\/05\/RADIO_2-1536x847.jpg 1536w, https:\/\/iesolajara.es\/wp-content\/uploads\/2023\/05\/RADIO_2-2048x1130.jpg 2048w\" sizes=\"auto, (max-width: 1024px) 100vw, 1024px\" \/><figcaption class=\"wp-element-caption\">Plan de Igualdad y radio escolar (Gerardo C.)<\/figcaption><\/figure>\n\n\n\n<figure class=\"wp-block-image size-large\"><img loading=\"lazy\" decoding=\"async\" width=\"1024\" height=\"616\" data-id=\"3295\" src=\"http:\/\/iesolajara.es\/wp-content\/uploads\/2023\/05\/RADIO_3-1024x616.jpg\" alt=\"\" class=\"wp-image-3295\" srcset=\"https:\/\/iesolajara.es\/wp-content\/uploads\/2023\/05\/RADIO_3-1024x616.jpg 1024w, https:\/\/iesolajara.es\/wp-content\/uploads\/2023\/05\/RADIO_3-300x180.jpg 300w, https:\/\/iesolajara.es\/wp-content\/uploads\/2023\/05\/RADIO_3-768x462.jpg 768w, https:\/\/iesolajara.es\/wp-content\/uploads\/2023\/05\/RADIO_3-1536x923.jpg 1536w, https:\/\/iesolajara.es\/wp-content\/uploads\/2023\/05\/RADIO_3-2048x1231.jpg 2048w\" sizes=\"auto, (max-width: 1024px) 100vw, 1024px\" \/><figcaption class=\"wp-element-caption\">Radio escolar (Jose Alejandro y Sara)<\/figcaption><\/figure>\n\n\n\n<figure class=\"wp-block-image size-large\"><img loading=\"lazy\" decoding=\"async\" width=\"1024\" height=\"646\" data-id=\"3289\" src=\"http:\/\/iesolajara.es\/wp-content\/uploads\/2023\/05\/PROA-1024x646.jpg\" alt=\"\" class=\"wp-image-3289\" srcset=\"https:\/\/iesolajara.es\/wp-content\/uploads\/2023\/05\/PROA-1024x646.jpg 1024w, https:\/\/iesolajara.es\/wp-content\/uploads\/2023\/05\/PROA-300x189.jpg 300w, https:\/\/iesolajara.es\/wp-content\/uploads\/2023\/05\/PROA-768x484.jpg 768w, https:\/\/iesolajara.es\/wp-content\/uploads\/2023\/05\/PROA-1536x968.jpg 1536w, https:\/\/iesolajara.es\/wp-content\/uploads\/2023\/05\/PROA-2048x1291.jpg 2048w\" sizes=\"auto, (max-width: 1024px) 100vw, 1024px\" \/><figcaption class=\"wp-element-caption\">PROA+ (Carmen Morcillo)<\/figcaption><\/figure>\n\n\n\n<figure class=\"wp-block-image size-large\"><img loading=\"lazy\" decoding=\"async\" width=\"1024\" height=\"735\" data-id=\"3296\" src=\"http:\/\/iesolajara.es\/wp-content\/uploads\/2023\/05\/STEAM_1-1024x735.jpg\" alt=\"\" class=\"wp-image-3296\" srcset=\"https:\/\/iesolajara.es\/wp-content\/uploads\/2023\/05\/STEAM_1-1024x735.jpg 1024w, https:\/\/iesolajara.es\/wp-content\/uploads\/2023\/05\/STEAM_1-300x215.jpg 300w, https:\/\/iesolajara.es\/wp-content\/uploads\/2023\/05\/STEAM_1-768x551.jpg 768w, https:\/\/iesolajara.es\/wp-content\/uploads\/2023\/05\/STEAM_1-1536x1103.jpg 1536w, https:\/\/iesolajara.es\/wp-content\/uploads\/2023\/05\/STEAM_1-2048x1470.jpg 2048w\" sizes=\"auto, (max-width: 1024px) 100vw, 1024px\" \/><figcaption class=\"wp-element-caption\">STEAM (Josep A. Sorn\u00ed)<\/figcaption><\/figure>\n\n\n\n<figure class=\"wp-block-image size-large\"><img loading=\"lazy\" decoding=\"async\" width=\"1024\" height=\"682\" data-id=\"3297\" src=\"http:\/\/iesolajara.es\/wp-content\/uploads\/2023\/05\/STEAM_2-1024x682.jpg\" alt=\"\" class=\"wp-image-3297\" srcset=\"https:\/\/iesolajara.es\/wp-content\/uploads\/2023\/05\/STEAM_2-1024x682.jpg 1024w, https:\/\/iesolajara.es\/wp-content\/uploads\/2023\/05\/STEAM_2-300x200.jpg 300w, https:\/\/iesolajara.es\/wp-content\/uploads\/2023\/05\/STEAM_2-768x512.jpg 768w, https:\/\/iesolajara.es\/wp-content\/uploads\/2023\/05\/STEAM_2-1536x1023.jpg 1536w, https:\/\/iesolajara.es\/wp-content\/uploads\/2023\/05\/STEAM_2-2048x1364.jpg 2048w\" sizes=\"auto, (max-width: 1024px) 100vw, 1024px\" \/><figcaption class=\"wp-element-caption\">STEAM (opiniones Carla, Cristina y Elena)<\/figcaption><\/figure>\n\n\n\n<figure class=\"wp-block-image size-large\"><img loading=\"lazy\" decoding=\"async\" width=\"1024\" height=\"577\" data-id=\"3299\" src=\"http:\/\/iesolajara.es\/wp-content\/uploads\/2023\/05\/STEAM_3-1024x577.jpg\" alt=\"\" class=\"wp-image-3299\" srcset=\"https:\/\/iesolajara.es\/wp-content\/uploads\/2023\/05\/STEAM_3-1024x577.jpg 1024w, https:\/\/iesolajara.es\/wp-content\/uploads\/2023\/05\/STEAM_3-300x169.jpg 300w, https:\/\/iesolajara.es\/wp-content\/uploads\/2023\/05\/STEAM_3-768x433.jpg 768w, https:\/\/iesolajara.es\/wp-content\/uploads\/2023\/05\/STEAM_3-1536x866.jpg 1536w, https:\/\/iesolajara.es\/wp-content\/uploads\/2023\/05\/STEAM_3-2048x1154.jpg 2048w, https:\/\/iesolajara.es\/wp-content\/uploads\/2023\/05\/STEAM_3-678x381.jpg 678w\" sizes=\"auto, (max-width: 1024px) 100vw, 1024px\" \/><figcaption class=\"wp-element-caption\">STEAM (Josep A. Sorn\u00ed)<\/figcaption><\/figure>\n<\/figure>\n\n\n\n<figure class=\"wp-block-image size-full\"><img loading=\"lazy\" decoding=\"async\" width=\"1024\" height=\"750\" src=\"http:\/\/iesolajara.es\/wp-content\/uploads\/2023\/05\/1.jpg\" alt=\"\" class=\"wp-image-3301\" srcset=\"https:\/\/iesolajara.es\/wp-content\/uploads\/2023\/05\/1.jpg 1024w, https:\/\/iesolajara.es\/wp-content\/uploads\/2023\/05\/1-300x220.jpg 300w, https:\/\/iesolajara.es\/wp-content\/uploads\/2023\/05\/1-768x563.jpg 768w, https:\/\/iesolajara.es\/wp-content\/uploads\/2023\/05\/1-80x60.jpg 80w\" sizes=\"auto, (max-width: 1024px) 100vw, 1024px\" \/><figcaption class=\"wp-element-caption\">Profesores y profesoras visitantes el 4 de mayo.<\/figcaption><\/figure>\n\n\n\n<p><strong>JORNADA del 5 de mayo<\/strong>: <strong>PROYECTOS STEAM EN EL IESO LA JARA<\/strong><\/p>\n\n\n\n<p><\/p>\n\n\n\n<figure class=\"wp-block-gallery has-nested-images columns-default is-cropped wp-block-gallery-2 is-layout-flex wp-block-gallery-is-layout-flex\">\n<figure class=\"wp-block-image size-large\"><img loading=\"lazy\" decoding=\"async\" width=\"1024\" height=\"789\" data-id=\"3306\" src=\"http:\/\/iesolajara.es\/wp-content\/uploads\/2023\/05\/3R_2-1024x789.jpg\" alt=\"\" class=\"wp-image-3306\" srcset=\"https:\/\/iesolajara.es\/wp-content\/uploads\/2023\/05\/3R_2-1024x789.jpg 1024w, https:\/\/iesolajara.es\/wp-content\/uploads\/2023\/05\/3R_2-300x231.jpg 300w, https:\/\/iesolajara.es\/wp-content\/uploads\/2023\/05\/3R_2-768x592.jpg 768w, https:\/\/iesolajara.es\/wp-content\/uploads\/2023\/05\/3R_2-1536x1184.jpg 1536w, https:\/\/iesolajara.es\/wp-content\/uploads\/2023\/05\/3R_2-2048x1579.jpg 2048w\" sizes=\"auto, (max-width: 1024px) 100vw, 1024px\" \/><figcaption class=\"wp-element-caption\">\u00abLas 3 erres\u00bb lleva 3 a\u00f1os en el STEAM (Mar\u00eda Sahuquillo)<\/figcaption><\/figure>\n\n\n\n<figure class=\"wp-block-image size-large\"><img loading=\"lazy\" decoding=\"async\" width=\"1024\" height=\"742\" data-id=\"3309\" src=\"http:\/\/iesolajara.es\/wp-content\/uploads\/2023\/05\/3R_1-1024x742.jpg\" alt=\"\" class=\"wp-image-3309\" srcset=\"https:\/\/iesolajara.es\/wp-content\/uploads\/2023\/05\/3R_1-1024x742.jpg 1024w, https:\/\/iesolajara.es\/wp-content\/uploads\/2023\/05\/3R_1-300x218.jpg 300w, https:\/\/iesolajara.es\/wp-content\/uploads\/2023\/05\/3R_1-768x557.jpg 768w, https:\/\/iesolajara.es\/wp-content\/uploads\/2023\/05\/3R_1-1536x1114.jpg 1536w, https:\/\/iesolajara.es\/wp-content\/uploads\/2023\/05\/3R_1-2048x1485.jpg 2048w\" sizes=\"auto, (max-width: 1024px) 100vw, 1024px\" \/><figcaption class=\"wp-element-caption\">1\u00ba ESO: Las 3 erres (Noelia, B\u00e1rbara, Eloy, Sa\u00fal y Andr\u00e9s)<\/figcaption><\/figure>\n\n\n\n<figure class=\"wp-block-image size-large\"><img loading=\"lazy\" decoding=\"async\" width=\"1024\" height=\"763\" data-id=\"3311\" src=\"http:\/\/iesolajara.es\/wp-content\/uploads\/2023\/05\/3R_3-1-1024x763.jpg\" alt=\"\" class=\"wp-image-3311\" srcset=\"https:\/\/iesolajara.es\/wp-content\/uploads\/2023\/05\/3R_3-1-1024x763.jpg 1024w, https:\/\/iesolajara.es\/wp-content\/uploads\/2023\/05\/3R_3-1-300x224.jpg 300w, https:\/\/iesolajara.es\/wp-content\/uploads\/2023\/05\/3R_3-1-768x572.jpg 768w, https:\/\/iesolajara.es\/wp-content\/uploads\/2023\/05\/3R_3-1-1536x1145.jpg 1536w, https:\/\/iesolajara.es\/wp-content\/uploads\/2023\/05\/3R_3-1-2048x1527.jpg 2048w, https:\/\/iesolajara.es\/wp-content\/uploads\/2023\/05\/3R_3-1-80x60.jpg 80w\" sizes=\"auto, (max-width: 1024px) 100vw, 1024px\" \/><figcaption class=\"wp-element-caption\">1\u00ba ESO: Las 3 erres (poniendo a prueba a los\/as profesores\/as)<\/figcaption><\/figure>\n\n\n\n<figure class=\"wp-block-image size-large\"><img loading=\"lazy\" decoding=\"async\" width=\"1024\" height=\"712\" data-id=\"3315\" src=\"http:\/\/iesolajara.es\/wp-content\/uploads\/2023\/05\/MERCADILLO_1-1024x712.jpg\" alt=\"\" class=\"wp-image-3315\" srcset=\"https:\/\/iesolajara.es\/wp-content\/uploads\/2023\/05\/MERCADILLO_1-1024x712.jpg 1024w, https:\/\/iesolajara.es\/wp-content\/uploads\/2023\/05\/MERCADILLO_1-300x209.jpg 300w, https:\/\/iesolajara.es\/wp-content\/uploads\/2023\/05\/MERCADILLO_1-768x534.jpg 768w, https:\/\/iesolajara.es\/wp-content\/uploads\/2023\/05\/MERCADILLO_1-1536x1068.jpg 1536w, https:\/\/iesolajara.es\/wp-content\/uploads\/2023\/05\/MERCADILLO_1-2048x1423.jpg 2048w\" sizes=\"auto, (max-width: 1024px) 100vw, 1024px\" \/><figcaption class=\"wp-element-caption\">D\u00eda de puertas abiertas<\/figcaption><\/figure>\n\n\n\n<figure class=\"wp-block-image size-large\"><img loading=\"lazy\" decoding=\"async\" width=\"1024\" height=\"603\" data-id=\"3308\" src=\"http:\/\/iesolajara.es\/wp-content\/uploads\/2023\/05\/Cianotipiias_1-1024x603.jpg\" alt=\"\" class=\"wp-image-3308\" srcset=\"https:\/\/iesolajara.es\/wp-content\/uploads\/2023\/05\/Cianotipiias_1-1024x603.jpg 1024w, https:\/\/iesolajara.es\/wp-content\/uploads\/2023\/05\/Cianotipiias_1-300x177.jpg 300w, https:\/\/iesolajara.es\/wp-content\/uploads\/2023\/05\/Cianotipiias_1-768x452.jpg 768w, https:\/\/iesolajara.es\/wp-content\/uploads\/2023\/05\/Cianotipiias_1-1536x905.jpg 1536w, https:\/\/iesolajara.es\/wp-content\/uploads\/2023\/05\/Cianotipiias_1-2048x1206.jpg 2048w\" sizes=\"auto, (max-width: 1024px) 100vw, 1024px\" \/><figcaption class=\"wp-element-caption\">3\u00ba ESO: Herbario cianotipias (Pablo con Adri\u00e1n, Sonia y \u00c1ngela)<\/figcaption><\/figure>\n\n\n\n<figure class=\"wp-block-image size-large\"><img loading=\"lazy\" decoding=\"async\" width=\"1024\" height=\"674\" data-id=\"3307\" src=\"http:\/\/iesolajara.es\/wp-content\/uploads\/2023\/05\/Cianotipiias_2-1024x674.jpg\" alt=\"\" class=\"wp-image-3307\" srcset=\"https:\/\/iesolajara.es\/wp-content\/uploads\/2023\/05\/Cianotipiias_2-1024x674.jpg 1024w, https:\/\/iesolajara.es\/wp-content\/uploads\/2023\/05\/Cianotipiias_2-300x198.jpg 300w, https:\/\/iesolajara.es\/wp-content\/uploads\/2023\/05\/Cianotipiias_2-768x506.jpg 768w, https:\/\/iesolajara.es\/wp-content\/uploads\/2023\/05\/Cianotipiias_2-1536x1012.jpg 1536w, https:\/\/iesolajara.es\/wp-content\/uploads\/2023\/05\/Cianotipiias_2-2048x1349.jpg 2048w\" sizes=\"auto, (max-width: 1024px) 100vw, 1024px\" \/><figcaption class=\"wp-element-caption\">3\u00ba ESO: Herbario cianotipias (Pablo con Adri\u00e1n, Sonia y \u00c1ngela)<\/figcaption><\/figure>\n\n\n\n<figure class=\"wp-block-image size-large\"><img loading=\"lazy\" decoding=\"async\" width=\"1024\" height=\"697\" data-id=\"3310\" src=\"http:\/\/iesolajara.es\/wp-content\/uploads\/2023\/05\/Escape-room-1024x697.jpg\" alt=\"\" class=\"wp-image-3310\" srcset=\"https:\/\/iesolajara.es\/wp-content\/uploads\/2023\/05\/Escape-room-1024x697.jpg 1024w, https:\/\/iesolajara.es\/wp-content\/uploads\/2023\/05\/Escape-room-300x204.jpg 300w, https:\/\/iesolajara.es\/wp-content\/uploads\/2023\/05\/Escape-room-768x523.jpg 768w, https:\/\/iesolajara.es\/wp-content\/uploads\/2023\/05\/Escape-room-1536x1045.jpg 1536w, https:\/\/iesolajara.es\/wp-content\/uploads\/2023\/05\/Escape-room-2048x1394.jpg 2048w\" sizes=\"auto, (max-width: 1024px) 100vw, 1024px\" \/><figcaption class=\"wp-element-caption\">2\u00ba ESO: Escape room (Ainhoa B. y Aroa S.)<\/figcaption><\/figure>\n\n\n\n<figure class=\"wp-block-image size-large\"><img loading=\"lazy\" decoding=\"async\" width=\"1024\" height=\"664\" data-id=\"3317\" src=\"http:\/\/iesolajara.es\/wp-content\/uploads\/2023\/05\/periodista_1-1024x664.jpg\" alt=\"\" class=\"wp-image-3317\" srcset=\"https:\/\/iesolajara.es\/wp-content\/uploads\/2023\/05\/periodista_1-1024x664.jpg 1024w, https:\/\/iesolajara.es\/wp-content\/uploads\/2023\/05\/periodista_1-300x194.jpg 300w, https:\/\/iesolajara.es\/wp-content\/uploads\/2023\/05\/periodista_1-768x498.jpg 768w, https:\/\/iesolajara.es\/wp-content\/uploads\/2023\/05\/periodista_1-1536x995.jpg 1536w, https:\/\/iesolajara.es\/wp-content\/uploads\/2023\/05\/periodista_1-2048x1327.jpg 2048w\" sizes=\"auto, (max-width: 1024px) 100vw, 1024px\" \/><figcaption class=\"wp-element-caption\">3\u00ba ESO: Periodista por un d\u00eda (Mar y Paula)<\/figcaption><\/figure>\n\n\n\n<figure class=\"wp-block-image size-large\"><img loading=\"lazy\" decoding=\"async\" width=\"1024\" height=\"570\" data-id=\"3313\" src=\"http:\/\/iesolajara.es\/wp-content\/uploads\/2023\/05\/Instagram-1024x570.jpg\" alt=\"\" class=\"wp-image-3313\" srcset=\"https:\/\/iesolajara.es\/wp-content\/uploads\/2023\/05\/Instagram-1024x570.jpg 1024w, https:\/\/iesolajara.es\/wp-content\/uploads\/2023\/05\/Instagram-300x167.jpg 300w, https:\/\/iesolajara.es\/wp-content\/uploads\/2023\/05\/Instagram-768x427.jpg 768w, https:\/\/iesolajara.es\/wp-content\/uploads\/2023\/05\/Instagram-1536x855.jpg 1536w, https:\/\/iesolajara.es\/wp-content\/uploads\/2023\/05\/Instagram-2048x1140.jpg 2048w\" sizes=\"auto, (max-width: 1024px) 100vw, 1024px\" \/><figcaption class=\"wp-element-caption\">2\u00ba y 3\u00ba ESO: Instagram hist\u00f3rico (Julia con Marta, Natalia, Ariana)<\/figcaption><\/figure>\n\n\n\n<figure class=\"wp-block-image size-large\"><img loading=\"lazy\" decoding=\"async\" width=\"1024\" height=\"620\" data-id=\"3314\" src=\"http:\/\/iesolajara.es\/wp-content\/uploads\/2023\/05\/MERCADILLO_2-1024x620.jpg\" alt=\"\" class=\"wp-image-3314\" srcset=\"https:\/\/iesolajara.es\/wp-content\/uploads\/2023\/05\/MERCADILLO_2-1024x620.jpg 1024w, https:\/\/iesolajara.es\/wp-content\/uploads\/2023\/05\/MERCADILLO_2-300x182.jpg 300w, https:\/\/iesolajara.es\/wp-content\/uploads\/2023\/05\/MERCADILLO_2-768x465.jpg 768w, https:\/\/iesolajara.es\/wp-content\/uploads\/2023\/05\/MERCADILLO_2-1536x930.jpg 1536w, https:\/\/iesolajara.es\/wp-content\/uploads\/2023\/05\/MERCADILLO_2-2048x1240.jpg 2048w\" sizes=\"auto, (max-width: 1024px) 100vw, 1024px\" \/><figcaption class=\"wp-element-caption\">Aprendizaje-servicio Cuidando de nuestros mayores (Carla y Ana)<\/figcaption><\/figure>\n\n\n\n<figure class=\"wp-block-image size-large\"><img loading=\"lazy\" decoding=\"async\" width=\"1024\" height=\"609\" data-id=\"3319\" src=\"http:\/\/iesolajara.es\/wp-content\/uploads\/2023\/05\/pinturas-rupestres-1024x609.jpg\" alt=\"\" class=\"wp-image-3319\" srcset=\"https:\/\/iesolajara.es\/wp-content\/uploads\/2023\/05\/pinturas-rupestres-1024x609.jpg 1024w, https:\/\/iesolajara.es\/wp-content\/uploads\/2023\/05\/pinturas-rupestres-300x178.jpg 300w, https:\/\/iesolajara.es\/wp-content\/uploads\/2023\/05\/pinturas-rupestres-768x457.jpg 768w, https:\/\/iesolajara.es\/wp-content\/uploads\/2023\/05\/pinturas-rupestres-1536x913.jpg 1536w, https:\/\/iesolajara.es\/wp-content\/uploads\/2023\/05\/pinturas-rupestres-2048x1218.jpg 2048w\" sizes=\"auto, (max-width: 1024px) 100vw, 1024px\" \/><figcaption class=\"wp-element-caption\">1\u00ba ESO: Pinturas rupestres (Rub\u00e9n Ruip\u00e9rez)<\/figcaption><\/figure>\n\n\n\n<figure class=\"wp-block-image size-large\"><img loading=\"lazy\" decoding=\"async\" width=\"1024\" height=\"896\" data-id=\"3318\" src=\"http:\/\/iesolajara.es\/wp-content\/uploads\/2023\/05\/pinturas-rupestres_2-1024x896.jpg\" alt=\"\" class=\"wp-image-3318\" srcset=\"https:\/\/iesolajara.es\/wp-content\/uploads\/2023\/05\/pinturas-rupestres_2-1024x896.jpg 1024w, https:\/\/iesolajara.es\/wp-content\/uploads\/2023\/05\/pinturas-rupestres_2-300x262.jpg 300w, https:\/\/iesolajara.es\/wp-content\/uploads\/2023\/05\/pinturas-rupestres_2-768x672.jpg 768w, https:\/\/iesolajara.es\/wp-content\/uploads\/2023\/05\/pinturas-rupestres_2-1536x1344.jpg 1536w, https:\/\/iesolajara.es\/wp-content\/uploads\/2023\/05\/pinturas-rupestres_2-2048x1791.jpg 2048w\" sizes=\"auto, (max-width: 1024px) 100vw, 1024px\" \/><figcaption class=\"wp-element-caption\">1\u00ba ESO: Pinturas rupestres (Rub\u00e9n Ruip\u00e9rez)<\/figcaption><\/figure>\n\n\n\n<figure class=\"wp-block-image size-large\"><img loading=\"lazy\" decoding=\"async\" width=\"1024\" height=\"653\" data-id=\"3316\" src=\"http:\/\/iesolajara.es\/wp-content\/uploads\/2023\/05\/profe-1024x653.jpg\" alt=\"\" class=\"wp-image-3316\" srcset=\"https:\/\/iesolajara.es\/wp-content\/uploads\/2023\/05\/profe-1024x653.jpg 1024w, https:\/\/iesolajara.es\/wp-content\/uploads\/2023\/05\/profe-300x191.jpg 300w, https:\/\/iesolajara.es\/wp-content\/uploads\/2023\/05\/profe-768x490.jpg 768w, https:\/\/iesolajara.es\/wp-content\/uploads\/2023\/05\/profe-1536x979.jpg 1536w, https:\/\/iesolajara.es\/wp-content\/uploads\/2023\/05\/profe-2048x1305.jpg 2048w\" sizes=\"auto, (max-width: 1024px) 100vw, 1024px\" \/><figcaption class=\"wp-element-caption\">3\u00ba ESO: Profesor por un d\u00eda (Sergio, Luna, Luc\u00eda F. y Luc\u00eda C.)<\/figcaption><\/figure>\n\n\n\n<figure class=\"wp-block-image size-large\"><img loading=\"lazy\" decoding=\"async\" width=\"1024\" height=\"523\" data-id=\"3320\" src=\"http:\/\/iesolajara.es\/wp-content\/uploads\/2023\/05\/Viaje-1024x523.jpg\" alt=\"\" class=\"wp-image-3320\" srcset=\"https:\/\/iesolajara.es\/wp-content\/uploads\/2023\/05\/Viaje-1024x523.jpg 1024w, https:\/\/iesolajara.es\/wp-content\/uploads\/2023\/05\/Viaje-300x153.jpg 300w, https:\/\/iesolajara.es\/wp-content\/uploads\/2023\/05\/Viaje-768x393.jpg 768w, https:\/\/iesolajara.es\/wp-content\/uploads\/2023\/05\/Viaje-1536x785.jpg 1536w, https:\/\/iesolajara.es\/wp-content\/uploads\/2023\/05\/Viaje-2048x1047.jpg 2048w\" sizes=\"auto, (max-width: 1024px) 100vw, 1024px\" \/><figcaption class=\"wp-element-caption\">4\u00ba ESO: Viaje fin de curso (Carlos y Mar\u00eda)<\/figcaption><\/figure>\n<\/figure>\n\n\n\n<figure class=\"wp-block-image size-full\"><img loading=\"lazy\" decoding=\"async\" width=\"982\" height=\"922\" src=\"http:\/\/iesolajara.es\/wp-content\/uploads\/2023\/05\/2.jpg\" alt=\"\" class=\"wp-image-3325\" srcset=\"https:\/\/iesolajara.es\/wp-content\/uploads\/2023\/05\/2.jpg 982w, https:\/\/iesolajara.es\/wp-content\/uploads\/2023\/05\/2-300x282.jpg 300w, https:\/\/iesolajara.es\/wp-content\/uploads\/2023\/05\/2-768x721.jpg 768w\" sizes=\"auto, (max-width: 982px) 100vw, 982px\" \/><figcaption class=\"wp-element-caption\">Profesores y profesoras visitantes el viernes 5 de mayo.<\/figcaption><\/figure>\n","protected":false},"excerpt":{"rendered":"<div class=\"mh-excerpt\"><p>Durante los d\u00edas 4 y 5 de mayo se celebrar\u00e1 en nuestro centro las jornadas del proyecto de innovaci\u00f3n Observa y Transforma, donde recibiremos la <a class=\"mh-excerpt-more\" href=\"https:\/\/iesolajara.es\/?p=3274\" title=\"PROYECTO DE INNOVACI\u00d3N OBSERVA Y TRANSFORMA 4 y 5 de mayo de 2023.\">[&#8230;]<\/a><\/p>\n<\/div>","protected":false},"author":15,"featured_media":3275,"comment_status":"open","ping_status":"open","sticky":false,"template":"","format":"standard","meta":{"footnotes":""},"categories":[1,174],"tags":[],"class_list":["post-3274","post","type-post","status-publish","format-standard","has-post-thumbnail","hentry","category-general","category-observa-y-transforma"],"_links":{"self":[{"href":"https:\/\/iesolajara.es\/index.php?rest_route=\/wp\/v2\/posts\/3274","targetHints":{"allow":["GET"]}}],"collection":[{"href":"https:\/\/iesolajara.es\/index.php?rest_route=\/wp\/v2\/posts"}],"about":[{"href":"https:\/\/iesolajara.es\/index.php?rest_route=\/wp\/v2\/types\/post"}],"author":[{"embeddable":true,"href":"https:\/\/iesolajara.es\/index.php?rest_route=\/wp\/v2\/users\/15"}],"replies":[{"embeddable":true,"href":"https:\/\/iesolajara.es\/index.php?rest_route=%2Fwp%2Fv2%2Fcomments&post=3274"}],"version-history":[{"count":8,"href":"https:\/\/iesolajara.es\/index.php?rest_route=\/wp\/v2\/posts\/3274\/revisions"}],"predecessor-version":[{"id":3328,"href":"https:\/\/iesolajara.es\/index.php?rest_route=\/wp\/v2\/posts\/3274\/revisions\/3328"}],"wp:featuredmedia":[{"embeddable":true,"href":"https:\/\/iesolajara.es\/index.php?rest_route=\/wp\/v2\/media\/3275"}],"wp:attachment":[{"href":"https:\/\/iesolajara.es\/index.php?rest_route=%2Fwp%2Fv2%2Fmedia&parent=3274"}],"wp:term":[{"taxonomy":"category","embeddable":true,"href":"https:\/\/iesolajara.es\/index.php?rest_route=%2Fwp%2Fv2%2Fcategories&post=3274"},{"taxonomy":"post_tag","embeddable":true,"href":"https:\/\/iesolajara.es\/index.php?rest_route=%2Fwp%2Fv2%2Ftags&post=3274"}],"curies":[{"name":"wp","href":"https:\/\/api.w.org\/{rel}","templated":true}]}}