{"id":3254,"date":"2023-04-23T17:39:24","date_gmt":"2023-04-23T17:39:24","guid":{"rendered":"http:\/\/iesolajara.es\/?p=3254"},"modified":"2023-05-18T12:14:56","modified_gmt":"2023-05-18T12:14:56","slug":"nuestro-recauda-1000-euros-para-afanion","status":"publish","type":"post","link":"https:\/\/iesolajara.es\/?p=3254","title":{"rendered":"\u00a1NUESTRO CENTRO RECAUDA 1000 EUROS PARA AFANION!"},"content":{"rendered":"\n<p>La jornada de puertas abiertas celebrada el 21 de abril en el IESO La Jara ha sido un \u00e9xito, no solo por la cantidad recaudada, sino por la implicaci\u00f3n de nuestro alumnado en el mercadillo y por exponer sus trabajos con tanta soltura al p\u00fablicos asistente. \u00a1Muchas gracias a todos los colaboradores por haber hecho posible este d\u00eda tan bonito!<\/p>\n<p>Os dejamos un v\u00eddeo de este d\u00eda.<\/p>\n<p>\u00a0<\/p>\n\n\n\n<figure class=\"wp-block-embed is-type-video is-provider-youtube wp-block-embed-youtube wp-embed-aspect-16-9 wp-has-aspect-ratio\"><div class=\"wp-block-embed__wrapper\">\n<iframe loading=\"lazy\" title=\"JORNADA DE PUERTAS ABIERTAS - IESO LA JARA - Villanueva de la Jara (Cuenca). 21 de abril de 2023.\" width=\"500\" height=\"281\" src=\"https:\/\/www.youtube.com\/embed\/4OthgypzJNQ?feature=oembed\" frameborder=\"0\" allow=\"accelerometer; autoplay; clipboard-write; encrypted-media; gyroscope; picture-in-picture; web-share\" referrerpolicy=\"strict-origin-when-cross-origin\" allowfullscreen><\/iframe>\n<\/div><\/figure>\n\n\n\n<p><\/p>\n\n\n\n<p><strong>18 DE MAYO DE 2023<\/strong><\/p>\n\n\n\n<p>Hoy hemos hecho entrega, a los representantes de AFANION, de los 1026&#8217;20 \u20ac recaudados en la jornada solidaria del 21 de abril, donde se vendieron libros y otros enseres y donde algunas empresas locales, el AMPA y el Ayuntamiento aportaron el desayuno y el aperitivo solidario.<br>Recordamos que est\u00e1 idea surgi\u00f3 en la asignatura de Iniciativa empresarial de 2\u00b0 ESO y que ellos fueron los que eligieron la asociaci\u00f3n a la que se iba a dirigir este dinero.<br>Agradecemos tambi\u00e9n a los alumnos y alumnas de 4\u00b0 su colaboraci\u00f3n, ya que este a\u00f1o es su \u00faltimo curso en nuestro centro.<br>En el aprendizaje tenemos claro que tambi\u00e9n tiene que haber cabida a la solidaridad, porque como nuestra directora Aurora ha dicho, hoy somos colaboradores pero ma\u00f1ana podemos ser nosotros los afectados. Muchas gracias por venir a Candelo y a Paqui, que nos han dado fuerzas como padres de un ni\u00f1o afectado de c\u00e1ncer que se ha curado. Tal y como nos han contado, este dinero se destina a una muy buena causa.<\/p>\n\n\n\n<figure class=\"wp-block-image size-large\"><img loading=\"lazy\" decoding=\"async\" width=\"1024\" height=\"768\" src=\"http:\/\/iesolajara.es\/wp-content\/uploads\/2023\/05\/1684411104496-1024x768.jpg\" alt=\"\" class=\"wp-image-3360\" srcset=\"https:\/\/iesolajara.es\/wp-content\/uploads\/2023\/05\/1684411104496-1024x768.jpg 1024w, https:\/\/iesolajara.es\/wp-content\/uploads\/2023\/05\/1684411104496-300x225.jpg 300w, https:\/\/iesolajara.es\/wp-content\/uploads\/2023\/05\/1684411104496-768x576.jpg 768w, https:\/\/iesolajara.es\/wp-content\/uploads\/2023\/05\/1684411104496-1536x1152.jpg 1536w, https:\/\/iesolajara.es\/wp-content\/uploads\/2023\/05\/1684411104496-2048x1536.jpg 2048w, https:\/\/iesolajara.es\/wp-content\/uploads\/2023\/05\/1684411104496-678x509.jpg 678w, https:\/\/iesolajara.es\/wp-content\/uploads\/2023\/05\/1684411104496-326x245.jpg 326w, https:\/\/iesolajara.es\/wp-content\/uploads\/2023\/05\/1684411104496-80x60.jpg 80w\" sizes=\"auto, (max-width: 1024px) 100vw, 1024px\" \/><\/figure>\n\n\n\n<figure class=\"wp-block-gallery has-nested-images columns-default is-cropped wp-block-gallery-1 is-layout-flex wp-block-gallery-is-layout-flex\">\n<figure class=\"wp-block-image size-large\"><img loading=\"lazy\" decoding=\"async\" width=\"1024\" height=\"768\" data-id=\"3361\" src=\"http:\/\/iesolajara.es\/wp-content\/uploads\/2023\/05\/1684411104513-1024x768.jpg\" alt=\"\" class=\"wp-image-3361\" srcset=\"https:\/\/iesolajara.es\/wp-content\/uploads\/2023\/05\/1684411104513-1024x768.jpg 1024w, https:\/\/iesolajara.es\/wp-content\/uploads\/2023\/05\/1684411104513-300x225.jpg 300w, https:\/\/iesolajara.es\/wp-content\/uploads\/2023\/05\/1684411104513-768x576.jpg 768w, https:\/\/iesolajara.es\/wp-content\/uploads\/2023\/05\/1684411104513-1536x1152.jpg 1536w, https:\/\/iesolajara.es\/wp-content\/uploads\/2023\/05\/1684411104513-2048x1536.jpg 2048w, https:\/\/iesolajara.es\/wp-content\/uploads\/2023\/05\/1684411104513-678x509.jpg 678w, https:\/\/iesolajara.es\/wp-content\/uploads\/2023\/05\/1684411104513-326x245.jpg 326w, https:\/\/iesolajara.es\/wp-content\/uploads\/2023\/05\/1684411104513-80x60.jpg 80w\" sizes=\"auto, (max-width: 1024px) 100vw, 1024px\" \/><\/figure>\n\n\n\n<figure class=\"wp-block-image size-large\"><img loading=\"lazy\" decoding=\"async\" width=\"1024\" height=\"768\" data-id=\"3362\" src=\"http:\/\/iesolajara.es\/wp-content\/uploads\/2023\/05\/1684411104519-1024x768.jpg\" alt=\"\" class=\"wp-image-3362\" srcset=\"https:\/\/iesolajara.es\/wp-content\/uploads\/2023\/05\/1684411104519-1024x768.jpg 1024w, https:\/\/iesolajara.es\/wp-content\/uploads\/2023\/05\/1684411104519-300x225.jpg 300w, https:\/\/iesolajara.es\/wp-content\/uploads\/2023\/05\/1684411104519-768x576.jpg 768w, https:\/\/iesolajara.es\/wp-content\/uploads\/2023\/05\/1684411104519-1536x1152.jpg 1536w, https:\/\/iesolajara.es\/wp-content\/uploads\/2023\/05\/1684411104519-2048x1536.jpg 2048w, https:\/\/iesolajara.es\/wp-content\/uploads\/2023\/05\/1684411104519-678x509.jpg 678w, https:\/\/iesolajara.es\/wp-content\/uploads\/2023\/05\/1684411104519-326x245.jpg 326w, https:\/\/iesolajara.es\/wp-content\/uploads\/2023\/05\/1684411104519-80x60.jpg 80w\" sizes=\"auto, (max-width: 1024px) 100vw, 1024px\" \/><\/figure>\n\n\n\n<figure class=\"wp-block-image size-large\"><img loading=\"lazy\" decoding=\"async\" width=\"1024\" height=\"768\" data-id=\"3363\" src=\"http:\/\/iesolajara.es\/wp-content\/uploads\/2023\/05\/1684411104487-1024x768.jpg\" alt=\"\" class=\"wp-image-3363\" srcset=\"https:\/\/iesolajara.es\/wp-content\/uploads\/2023\/05\/1684411104487-1024x768.jpg 1024w, https:\/\/iesolajara.es\/wp-content\/uploads\/2023\/05\/1684411104487-300x225.jpg 300w, https:\/\/iesolajara.es\/wp-content\/uploads\/2023\/05\/1684411104487-768x576.jpg 768w, https:\/\/iesolajara.es\/wp-content\/uploads\/2023\/05\/1684411104487-1536x1152.jpg 1536w, https:\/\/iesolajara.es\/wp-content\/uploads\/2023\/05\/1684411104487-2048x1536.jpg 2048w, https:\/\/iesolajara.es\/wp-content\/uploads\/2023\/05\/1684411104487-678x509.jpg 678w, https:\/\/iesolajara.es\/wp-content\/uploads\/2023\/05\/1684411104487-326x245.jpg 326w, https:\/\/iesolajara.es\/wp-content\/uploads\/2023\/05\/1684411104487-80x60.jpg 80w\" sizes=\"auto, (max-width: 1024px) 100vw, 1024px\" \/><\/figure>\n\n\n\n<figure class=\"wp-block-image size-large\"><img loading=\"lazy\" decoding=\"async\" width=\"1024\" height=\"768\" data-id=\"3364\" src=\"http:\/\/iesolajara.es\/wp-content\/uploads\/2023\/05\/1684411104504-1024x768.jpg\" alt=\"\" class=\"wp-image-3364\" srcset=\"https:\/\/iesolajara.es\/wp-content\/uploads\/2023\/05\/1684411104504-1024x768.jpg 1024w, https:\/\/iesolajara.es\/wp-content\/uploads\/2023\/05\/1684411104504-300x225.jpg 300w, https:\/\/iesolajara.es\/wp-content\/uploads\/2023\/05\/1684411104504-768x576.jpg 768w, https:\/\/iesolajara.es\/wp-content\/uploads\/2023\/05\/1684411104504-1536x1152.jpg 1536w, https:\/\/iesolajara.es\/wp-content\/uploads\/2023\/05\/1684411104504-2048x1536.jpg 2048w, https:\/\/iesolajara.es\/wp-content\/uploads\/2023\/05\/1684411104504-678x509.jpg 678w, https:\/\/iesolajara.es\/wp-content\/uploads\/2023\/05\/1684411104504-326x245.jpg 326w, https:\/\/iesolajara.es\/wp-content\/uploads\/2023\/05\/1684411104504-80x60.jpg 80w\" sizes=\"auto, (max-width: 1024px) 100vw, 1024px\" \/><\/figure>\n<\/figure>\n","protected":false},"excerpt":{"rendered":"<div class=\"mh-excerpt\"><p>18 DE MAYO DE 2023 Hoy hemos hecho entrega, a los representantes de AFANION, de los 1026&#8217;20 \u20ac recaudados en la jornada solidaria del 21 <a class=\"mh-excerpt-more\" href=\"https:\/\/iesolajara.es\/?p=3254\" title=\"\u00a1NUESTRO CENTRO RECAUDA 1000 EUROS PARA AFANION!\">[&#8230;]<\/a><\/p>\n<\/div>","protected":false},"author":6,"featured_media":3256,"comment_status":"open","ping_status":"open","sticky":false,"template":"","format":"standard","meta":{"footnotes":""},"categories":[1],"tags":[171],"class_list":["post-3254","post","type-post","status-publish","format-standard","has-post-thumbnail","hentry","category-general","tag-iesolajara"],"_links":{"self":[{"href":"https:\/\/iesolajara.es\/index.php?rest_route=\/wp\/v2\/posts\/3254","targetHints":{"allow":["GET"]}}],"collection":[{"href":"https:\/\/iesolajara.es\/index.php?rest_route=\/wp\/v2\/posts"}],"about":[{"href":"https:\/\/iesolajara.es\/index.php?rest_route=\/wp\/v2\/types\/post"}],"author":[{"embeddable":true,"href":"https:\/\/iesolajara.es\/index.php?rest_route=\/wp\/v2\/users\/6"}],"replies":[{"embeddable":true,"href":"https:\/\/iesolajara.es\/index.php?rest_route=%2Fwp%2Fv2%2Fcomments&post=3254"}],"version-history":[{"count":6,"href":"https:\/\/iesolajara.es\/index.php?rest_route=\/wp\/v2\/posts\/3254\/revisions"}],"predecessor-version":[{"id":3368,"href":"https:\/\/iesolajara.es\/index.php?rest_route=\/wp\/v2\/posts\/3254\/revisions\/3368"}],"wp:featuredmedia":[{"embeddable":true,"href":"https:\/\/iesolajara.es\/index.php?rest_route=\/wp\/v2\/media\/3256"}],"wp:attachment":[{"href":"https:\/\/iesolajara.es\/index.php?rest_route=%2Fwp%2Fv2%2Fmedia&parent=3254"}],"wp:term":[{"taxonomy":"category","embeddable":true,"href":"https:\/\/iesolajara.es\/index.php?rest_route=%2Fwp%2Fv2%2Fcategories&post=3254"},{"taxonomy":"post_tag","embeddable":true,"href":"https:\/\/iesolajara.es\/index.php?rest_route=%2Fwp%2Fv2%2Ftags&post=3254"}],"curies":[{"name":"wp","href":"https:\/\/api.w.org\/{rel}","templated":true}]}}