{"id":3250,"date":"2023-04-19T09:59:31","date_gmt":"2023-04-19T09:59:31","guid":{"rendered":"http:\/\/iesolajara.es\/?p=3250"},"modified":"2023-04-19T10:00:53","modified_gmt":"2023-04-19T10:00:53","slug":"convocatoria-pruebas-de-acceso-a-ciclos-formativos","status":"publish","type":"post","link":"https:\/\/iesolajara.es\/?p=3250","title":{"rendered":"Convocatoria pruebas de acceso a ciclos formativos"},"content":{"rendered":"\n\n\n<p><strong>La Consejer\u00eda de Educaci\u00f3n, Cultura y Deportes ha convocado las pruebas de acceso a Ciclos Formativos de grado medio y grado superior para quienes no re\u00fanen los requisitos acad\u00e9micos para cursar estas ense\u00f1anzas&nbsp;en Castilla-La Mancha<\/strong>.<\/p>\n\n\n\n<p><strong>SOLICITUDES<\/strong><\/p>\n\n\n\n<p>El plazo para la&nbsp;presentaci\u00f3n de solicitudes de inscripci\u00f3n comienza el d\u00eda 18 de abril y finalizar\u00e1 el d\u00eda 28. de abril de 2023.<\/p>\n\n\n\n<p>Las solicitudes se tramitar\u00e1n conforme al procedimiento electr\u00f3nico habilitado en la plataforma&nbsp;<a href=\"https:\/\/educamosclm.castillalamancha.es\/\" target=\"_blank\" rel=\"noreferrer noopener\">EducamosCLM<\/a>&nbsp;(Secretar\u00eda Virtual) para que se consideren v\u00e1lidamente tramitadas, firmadas y registradas, careciendo de validez los borradores de solicitud cuyo estado quede pendiente de registrar<\/p>\n\n\n\n<p>La inscripci\u00f3n requiere el&nbsp;pago de las tasas correspondientes. El ingreso del importe de las tasas,&nbsp;puede realizarlo&nbsp;dentro de la propia plataforma educativa&nbsp;<a href=\"https:\/\/educamosclm.castillalamancha.es\/\" target=\"_blank\" rel=\"noreferrer noopener\">EducamosCLM<\/a>, adem\u00e1s&nbsp;de poder hacerlo a trav\u00e9s del portal tributario de la Consejer\u00eda de Hacienda y Administraciones P\u00fablicas, cuya p\u00e1gina web es:&nbsp;<a href=\"http:\/\/portaltributario.jccm.es\/\" target=\"_blank\" rel=\"noreferrer noopener\">http:\/\/portaltributario.jccm.es<\/a><\/p>\n\n\n\n<p>M\u00e1s informaci\u00f3n en el siguiente enlace <a href=\"https:\/\/www.educa.jccm.es\/es\/fpclm\/estudios-formacion-profesional\/pruebas-acceso-fp\">https:\/\/www.educa.jccm.es\/es\/fpclm\/estudios-formacion-profesional\/pruebas-acceso-fp<\/a><\/p>\n\n\n\n\n\n<p><\/p>\n","protected":false},"excerpt":{"rendered":"<div class=\"mh-excerpt\"><p>La Consejer\u00eda de Educaci\u00f3n, Cultura y Deportes ha convocado las pruebas de acceso a Ciclos Formativos de grado medio y grado superior para quienes no <a class=\"mh-excerpt-more\" href=\"https:\/\/iesolajara.es\/?p=3250\" title=\"Convocatoria pruebas de acceso a ciclos formativos\">[&#8230;]<\/a><\/p>\n<\/div>","protected":false},"author":16,"featured_media":3251,"comment_status":"open","ping_status":"open","sticky":false,"template":"","format":"standard","meta":{"footnotes":""},"categories":[1,15],"tags":[],"class_list":["post-3250","post","type-post","status-publish","format-standard","has-post-thumbnail","hentry","category-general","category-orientacionacademicayprofesional"],"_links":{"self":[{"href":"https:\/\/iesolajara.es\/index.php?rest_route=\/wp\/v2\/posts\/3250","targetHints":{"allow":["GET"]}}],"collection":[{"href":"https:\/\/iesolajara.es\/index.php?rest_route=\/wp\/v2\/posts"}],"about":[{"href":"https:\/\/iesolajara.es\/index.php?rest_route=\/wp\/v2\/types\/post"}],"author":[{"embeddable":true,"href":"https:\/\/iesolajara.es\/index.php?rest_route=\/wp\/v2\/users\/16"}],"replies":[{"embeddable":true,"href":"https:\/\/iesolajara.es\/index.php?rest_route=%2Fwp%2Fv2%2Fcomments&post=3250"}],"version-history":[{"count":2,"href":"https:\/\/iesolajara.es\/index.php?rest_route=\/wp\/v2\/posts\/3250\/revisions"}],"predecessor-version":[{"id":3253,"href":"https:\/\/iesolajara.es\/index.php?rest_route=\/wp\/v2\/posts\/3250\/revisions\/3253"}],"wp:featuredmedia":[{"embeddable":true,"href":"https:\/\/iesolajara.es\/index.php?rest_route=\/wp\/v2\/media\/3251"}],"wp:attachment":[{"href":"https:\/\/iesolajara.es\/index.php?rest_route=%2Fwp%2Fv2%2Fmedia&parent=3250"}],"wp:term":[{"taxonomy":"category","embeddable":true,"href":"https:\/\/iesolajara.es\/index.php?rest_route=%2Fwp%2Fv2%2Fcategories&post=3250"},{"taxonomy":"post_tag","embeddable":true,"href":"https:\/\/iesolajara.es\/index.php?rest_route=%2Fwp%2Fv2%2Ftags&post=3250"}],"curies":[{"name":"wp","href":"https:\/\/api.w.org\/{rel}","templated":true}]}}