{"id":3202,"date":"2023-04-18T10:13:12","date_gmt":"2023-04-18T10:13:12","guid":{"rendered":"http:\/\/iesolajara.es\/?p=3202"},"modified":"2023-04-25T08:57:56","modified_gmt":"2023-04-25T08:57:56","slug":"21-de-marzo-dia-internacional-de-la-eliminacion-de-la-discrimacion-racial","status":"publish","type":"post","link":"https:\/\/iesolajara.es\/?p=3202","title":{"rendered":"21 DE MARZO &#8211; D\u00cdA INTERNACIONAL DE LA ELIMINACI\u00d3N DE LA DISCRIMACI\u00d3N RACIAL"},"content":{"rendered":"\n<p>Los alumnos de Valores Eticos de 2\u00ba y 4\u00ba de la ESO han elaborado este mural para recordar a todos\/as aquellos\/as b personas que han luchado por tener una sociedad m\u00e1s igualitaria entre nosotros, pero tambi\u00e9n queremos ense\u00f1ar a nuestro alumnado que a\u00fan queda camino por recorrer para que nadie sea discriminado por su raza. <\/p>\n\n\n\n<figure class=\"wp-block-gallery has-nested-images columns-default is-cropped wp-block-gallery-1 is-layout-flex wp-block-gallery-is-layout-flex\">\n<figure class=\"wp-block-image size-large\"><img loading=\"lazy\" decoding=\"async\" width=\"1024\" height=\"753\" data-id=\"3244\" src=\"http:\/\/iesolajara.es\/wp-content\/uploads\/2023\/04\/1-1024x753.jpg\" alt=\"\" class=\"wp-image-3244\" srcset=\"https:\/\/iesolajara.es\/wp-content\/uploads\/2023\/04\/1-1024x753.jpg 1024w, https:\/\/iesolajara.es\/wp-content\/uploads\/2023\/04\/1-300x221.jpg 300w, https:\/\/iesolajara.es\/wp-content\/uploads\/2023\/04\/1-768x565.jpg 768w, https:\/\/iesolajara.es\/wp-content\/uploads\/2023\/04\/1-80x60.jpg 80w, https:\/\/iesolajara.es\/wp-content\/uploads\/2023\/04\/1.jpg 1074w\" sizes=\"auto, (max-width: 1024px) 100vw, 1024px\" \/><\/figure>\n<\/figure>\n\n\n\n<p><\/p>\n\n\n\n<p>Desde la radio escolar de nuestro centro IESO LA JARA, se han ido realizando una serie de entrevistas a aquellos alumnos que se han incorporado durante este curso a nuestro centro, e igualmente a nuestra localidad, como medio de presentaci\u00f3n al resto de la comunidad educativa y para agilizar la integraci\u00f3n de \u00e9stos a nuestro centro. Otra actividad por el D\u00cdA INTERNACIONAL DE LA ELIMINACI\u00d3N DE LA DISCRIMINACI\u00d3N RACIAL, la cual se ha desarrollado durante varios d\u00edas desde el 21 de marzo.<\/p>\n\n\n\n<figure class=\"wp-block-gallery has-nested-images columns-default is-cropped wp-block-gallery-2 is-layout-flex wp-block-gallery-is-layout-flex\">\n<figure class=\"wp-block-image size-large\"><img loading=\"lazy\" decoding=\"async\" width=\"768\" height=\"1024\" data-id=\"3245\" src=\"http:\/\/iesolajara.es\/wp-content\/uploads\/2023\/04\/3-768x1024.jpg\" alt=\"\" class=\"wp-image-3245\" srcset=\"https:\/\/iesolajara.es\/wp-content\/uploads\/2023\/04\/3-768x1024.jpg 768w, https:\/\/iesolajara.es\/wp-content\/uploads\/2023\/04\/3-225x300.jpg 225w, https:\/\/iesolajara.es\/wp-content\/uploads\/2023\/04\/3-1152x1536.jpg 1152w, https:\/\/iesolajara.es\/wp-content\/uploads\/2023\/04\/3.jpg 1200w\" sizes=\"auto, (max-width: 768px) 100vw, 768px\" \/><\/figure>\n<\/figure>\n\n\n\n<figure class=\"wp-block-gallery has-nested-images columns-default is-cropped wp-block-gallery-3 is-layout-flex wp-block-gallery-is-layout-flex\">\n<figure class=\"wp-block-image size-large\"><img loading=\"lazy\" decoding=\"async\" width=\"1200\" height=\"1600\" data-id=\"3246\" src=\"http:\/\/iesolajara.es\/wp-content\/uploads\/2023\/04\/4-768x1024.jpg\" alt=\"\" class=\"wp-image-3246\" srcset=\"https:\/\/iesolajara.es\/wp-content\/uploads\/2023\/04\/4-768x1024.jpg 768w, https:\/\/iesolajara.es\/wp-content\/uploads\/2023\/04\/4-225x300.jpg 225w, https:\/\/iesolajara.es\/wp-content\/uploads\/2023\/04\/4-1152x1536.jpg 1152w, https:\/\/iesolajara.es\/wp-content\/uploads\/2023\/04\/4.jpg 1200w\" sizes=\"auto, (max-width: 1200px) 100vw, 1200px\" \/><\/figure>\n<\/figure>\n","protected":false},"excerpt":{"rendered":"<div class=\"mh-excerpt\"><p>Los alumnos de Valores Eticos de 2\u00ba y 4\u00ba de la ESO han elaborado este mural para recordar a todos\/as aquellos\/as b personas que han <a class=\"mh-excerpt-more\" href=\"https:\/\/iesolajara.es\/?p=3202\" title=\"21 DE MARZO &#8211; D\u00cdA INTERNACIONAL DE LA ELIMINACI\u00d3N DE LA DISCRIMACI\u00d3N RACIAL\">[&#8230;]<\/a><\/p>\n<\/div>","protected":false},"author":24,"featured_media":3260,"comment_status":"open","ping_status":"open","sticky":false,"template":"","format":"standard","meta":{"footnotes":""},"categories":[1],"tags":[],"class_list":["post-3202","post","type-post","status-publish","format-standard","has-post-thumbnail","hentry","category-general"],"_links":{"self":[{"href":"https:\/\/iesolajara.es\/index.php?rest_route=\/wp\/v2\/posts\/3202","targetHints":{"allow":["GET"]}}],"collection":[{"href":"https:\/\/iesolajara.es\/index.php?rest_route=\/wp\/v2\/posts"}],"about":[{"href":"https:\/\/iesolajara.es\/index.php?rest_route=\/wp\/v2\/types\/post"}],"author":[{"embeddable":true,"href":"https:\/\/iesolajara.es\/index.php?rest_route=\/wp\/v2\/users\/24"}],"replies":[{"embeddable":true,"href":"https:\/\/iesolajara.es\/index.php?rest_route=%2Fwp%2Fv2%2Fcomments&post=3202"}],"version-history":[{"count":1,"href":"https:\/\/iesolajara.es\/index.php?rest_route=\/wp\/v2\/posts\/3202\/revisions"}],"predecessor-version":[{"id":3247,"href":"https:\/\/iesolajara.es\/index.php?rest_route=\/wp\/v2\/posts\/3202\/revisions\/3247"}],"wp:featuredmedia":[{"embeddable":true,"href":"https:\/\/iesolajara.es\/index.php?rest_route=\/wp\/v2\/media\/3260"}],"wp:attachment":[{"href":"https:\/\/iesolajara.es\/index.php?rest_route=%2Fwp%2Fv2%2Fmedia&parent=3202"}],"wp:term":[{"taxonomy":"category","embeddable":true,"href":"https:\/\/iesolajara.es\/index.php?rest_route=%2Fwp%2Fv2%2Fcategories&post=3202"},{"taxonomy":"post_tag","embeddable":true,"href":"https:\/\/iesolajara.es\/index.php?rest_route=%2Fwp%2Fv2%2Ftags&post=3202"}],"curies":[{"name":"wp","href":"https:\/\/api.w.org\/{rel}","templated":true}]}}