{"id":3171,"date":"2023-03-14T11:55:36","date_gmt":"2023-03-14T11:55:36","guid":{"rendered":"http:\/\/iesolajara.es\/?p=3171"},"modified":"2023-03-14T12:00:16","modified_gmt":"2023-03-14T12:00:16","slug":"mercadillo-solidario","status":"publish","type":"post","link":"https:\/\/iesolajara.es\/?p=3171","title":{"rendered":"MERCADILLO SOLIDARIO"},"content":{"rendered":"\n<p>El pr\u00f3ximo 21 de abril\u00a0<\/p>\n\n\n\n<p>El pr\u00f3ximo 21 de abril se celebrar\u00e1 una jornada de puertas abiertas con un mercadillo solidario que destinar\u00e1 los beneficios a AFANION, asociaci\u00f3n que trabaja con las familias de ni\u00f1os con c\u00e1ncer. Pod\u00e9is colaborar depositando libros de 2\u00aa mano u otros objetos en la entrada del centro o en la Biblioteca Municipal hasta el 13 de abril. \u00a1Gracias por vuestra colaboraci\u00f3n!<\/p>\n","protected":false},"excerpt":{"rendered":"<div class=\"mh-excerpt\"><p>El pr\u00f3ximo 21 de abril se celebrar\u00e1 una jornada de puertas abiertas con un mercadillo solidario que destinar\u00e1 los beneficios a AFANION, asociaci\u00f3n que trabaja <a class=\"mh-excerpt-more\" href=\"https:\/\/iesolajara.es\/?p=3171\" title=\"MERCADILLO SOLIDARIO\">[&#8230;]<\/a><\/p>\n<\/div>","protected":false},"author":19,"featured_media":3176,"comment_status":"open","ping_status":"open","sticky":false,"template":"","format":"standard","meta":{"footnotes":""},"categories":[1],"tags":[],"class_list":["post-3171","post","type-post","status-publish","format-standard","has-post-thumbnail","hentry","category-general"],"_links":{"self":[{"href":"https:\/\/iesolajara.es\/index.php?rest_route=\/wp\/v2\/posts\/3171","targetHints":{"allow":["GET"]}}],"collection":[{"href":"https:\/\/iesolajara.es\/index.php?rest_route=\/wp\/v2\/posts"}],"about":[{"href":"https:\/\/iesolajara.es\/index.php?rest_route=\/wp\/v2\/types\/post"}],"author":[{"embeddable":true,"href":"https:\/\/iesolajara.es\/index.php?rest_route=\/wp\/v2\/users\/19"}],"replies":[{"embeddable":true,"href":"https:\/\/iesolajara.es\/index.php?rest_route=%2Fwp%2Fv2%2Fcomments&post=3171"}],"version-history":[{"count":1,"href":"https:\/\/iesolajara.es\/index.php?rest_route=\/wp\/v2\/posts\/3171\/revisions"}],"predecessor-version":[{"id":3174,"href":"https:\/\/iesolajara.es\/index.php?rest_route=\/wp\/v2\/posts\/3171\/revisions\/3174"}],"wp:featuredmedia":[{"embeddable":true,"href":"https:\/\/iesolajara.es\/index.php?rest_route=\/wp\/v2\/media\/3176"}],"wp:attachment":[{"href":"https:\/\/iesolajara.es\/index.php?rest_route=%2Fwp%2Fv2%2Fmedia&parent=3171"}],"wp:term":[{"taxonomy":"category","embeddable":true,"href":"https:\/\/iesolajara.es\/index.php?rest_route=%2Fwp%2Fv2%2Fcategories&post=3171"},{"taxonomy":"post_tag","embeddable":true,"href":"https:\/\/iesolajara.es\/index.php?rest_route=%2Fwp%2Fv2%2Ftags&post=3171"}],"curies":[{"name":"wp","href":"https:\/\/api.w.org\/{rel}","templated":true}]}}