{"id":3053,"date":"2023-02-01T11:13:10","date_gmt":"2023-02-01T11:13:10","guid":{"rendered":"http:\/\/iesolajara.es\/?p=3053"},"modified":"2023-02-01T11:16:43","modified_gmt":"2023-02-01T11:16:43","slug":"escuela-de-padres","status":"publish","type":"post","link":"https:\/\/iesolajara.es\/?p=3053","title":{"rendered":"ESCUELA DE PADRES"},"content":{"rendered":"\n\n\n<p>Desde el centro queremos recordar que ma\u00f1ana jueves 2 de febrero a las 17: 30 en el Centro de D\u00eda (Plaza San Francisco) se llevar\u00e1 a cabo una Escuela de Padres, tal y como se les inform\u00f3 con una carta hace unas semanas. Es importante su asistencia para tratar temas importantes como \u201cadicciones sin sustancias\u201d y \u201cgesti\u00f3n emocional\u201d, contenidos que se impartieron a los alumnos en el mes de enero durante dos talleres promovidos desde el Ayuntamiento de la localidad a trav\u00e9s del Centro Desde Zero.<\/p>\n<p>Para aquellas familias que no puedan asistir, adjuntamos el siguiente enlace para que puedan conectarse online y poder escuchar la charla:<\/p>\n<p>Haz clic en este enlace<strong>:<\/strong>\u00a0 \u00a0\u00a0<a href=\"http:\/\/meet.google.com\/ywi-nhbi-zuq\">http:\/\/meet.google.com\/ywi-nhbi-zuq<\/a><\/p>\n\n\n<a class=\"wp-block-read-more\" href=\"https:\/\/iesolajara.es\/?p=3053\" target=\"_self\">Leer m\u00e1s<span class=\"screen-reader-text\">: ESCUELA DE PADRES<\/span><\/a>","protected":false},"excerpt":{"rendered":"<div class=\"mh-excerpt\"><\/div>","protected":false},"author":6,"featured_media":3054,"comment_status":"open","ping_status":"open","sticky":false,"template":"","format":"standard","meta":{"footnotes":""},"categories":[1],"tags":[],"class_list":["post-3053","post","type-post","status-publish","format-standard","has-post-thumbnail","hentry","category-general"],"_links":{"self":[{"href":"https:\/\/iesolajara.es\/index.php?rest_route=\/wp\/v2\/posts\/3053","targetHints":{"allow":["GET"]}}],"collection":[{"href":"https:\/\/iesolajara.es\/index.php?rest_route=\/wp\/v2\/posts"}],"about":[{"href":"https:\/\/iesolajara.es\/index.php?rest_route=\/wp\/v2\/types\/post"}],"author":[{"embeddable":true,"href":"https:\/\/iesolajara.es\/index.php?rest_route=\/wp\/v2\/users\/6"}],"replies":[{"embeddable":true,"href":"https:\/\/iesolajara.es\/index.php?rest_route=%2Fwp%2Fv2%2Fcomments&post=3053"}],"version-history":[{"count":2,"href":"https:\/\/iesolajara.es\/index.php?rest_route=\/wp\/v2\/posts\/3053\/revisions"}],"predecessor-version":[{"id":3058,"href":"https:\/\/iesolajara.es\/index.php?rest_route=\/wp\/v2\/posts\/3053\/revisions\/3058"}],"wp:featuredmedia":[{"embeddable":true,"href":"https:\/\/iesolajara.es\/index.php?rest_route=\/wp\/v2\/media\/3054"}],"wp:attachment":[{"href":"https:\/\/iesolajara.es\/index.php?rest_route=%2Fwp%2Fv2%2Fmedia&parent=3053"}],"wp:term":[{"taxonomy":"category","embeddable":true,"href":"https:\/\/iesolajara.es\/index.php?rest_route=%2Fwp%2Fv2%2Fcategories&post=3053"},{"taxonomy":"post_tag","embeddable":true,"href":"https:\/\/iesolajara.es\/index.php?rest_route=%2Fwp%2Fv2%2Ftags&post=3053"}],"curies":[{"name":"wp","href":"https:\/\/api.w.org\/{rel}","templated":true}]}}