{"id":2889,"date":"2022-08-16T10:24:57","date_gmt":"2022-08-16T10:24:57","guid":{"rendered":"http:\/\/iesolajara.es\/?p=2889"},"modified":"2022-08-16T10:27:02","modified_gmt":"2022-08-16T10:27:02","slug":"resolucion-provisional-de-la-convocatoria-de-ayudas-de-comedores-escolares-y-libros-de-texto-curso-2022-2023","status":"publish","type":"post","link":"https:\/\/iesolajara.es\/?p=2889","title":{"rendered":"Resoluci\u00f3n provisional de la Convocatoria de Ayudas de Comedores Escolares y Libros de Texto. Curso 2022\/2023"},"content":{"rendered":"\n<p><a href=\"https:\/\/www.educa.jccm.es\/alumnado\/es\/servicios-educativos\/materiales-curriculares\/convocatoria-ayudas-materiales-curriculares\/convocatoria-ayudas-comedores-escolares-libros-texto-curso\/propuesta-resolucion-provisional-convocatoria-ayudas-comedo\">https:\/\/www.educa.jccm.es\/alumnado\/es\/servicios-educativos\/materiales-curriculares\/convocatoria-ayudas-materiales-curriculares\/convocatoria-ayudas-comedores-escolares-libros-texto-curso\/propuesta-resolucion-provisional-convocatoria-ayudas-comedo<\/a><\/p>\n<p class=\"cmParagraph\">Contra esta propuesta de resoluci\u00f3n provisional podr\u00e1n presentar reclamaci\u00f3n <strong>del 17 al 30 de agosto ambos incluidos. <\/strong>Se habilitar\u00e1 la opci\u00f3n \u00abPresentar reclamaci\u00f3n\u00bb en la secretaria virtual de la\u00a0<a title=\"EducamosCLM\" href=\"https:\/\/educamosclm.castillalamancha.es\/\" target=\"_blank\" rel=\"noopener\">plataforma EducamosCLM<img decoding=\"async\" class=\"cmPopupIcon\" src=\"https:\/\/www.educa.jccm.es\/educacion\/imagenes\/popup\/popup_external_small.gif\" alt=\"Este enlace se abrir\u00e1 en una ventana nueva\" \/><\/a> , desde el apartado \u00abComo van mis tr\u00e1mites\u00bb.<\/p>\n<p>\u00a0<\/p>\n","protected":false},"excerpt":{"rendered":"<div class=\"mh-excerpt\"><\/div>","protected":false},"author":8,"featured_media":2892,"comment_status":"open","ping_status":"open","sticky":false,"template":"","format":"standard","meta":{"footnotes":""},"categories":[1,6],"tags":[43,139],"class_list":["post-2889","post","type-post","status-publish","format-standard","has-post-thumbnail","hentry","category-general","category-secretaria","tag-ayudas","tag-becas"],"_links":{"self":[{"href":"https:\/\/iesolajara.es\/index.php?rest_route=\/wp\/v2\/posts\/2889","targetHints":{"allow":["GET"]}}],"collection":[{"href":"https:\/\/iesolajara.es\/index.php?rest_route=\/wp\/v2\/posts"}],"about":[{"href":"https:\/\/iesolajara.es\/index.php?rest_route=\/wp\/v2\/types\/post"}],"author":[{"embeddable":true,"href":"https:\/\/iesolajara.es\/index.php?rest_route=\/wp\/v2\/users\/8"}],"replies":[{"embeddable":true,"href":"https:\/\/iesolajara.es\/index.php?rest_route=%2Fwp%2Fv2%2Fcomments&post=2889"}],"version-history":[{"count":2,"href":"https:\/\/iesolajara.es\/index.php?rest_route=\/wp\/v2\/posts\/2889\/revisions"}],"predecessor-version":[{"id":2891,"href":"https:\/\/iesolajara.es\/index.php?rest_route=\/wp\/v2\/posts\/2889\/revisions\/2891"}],"wp:featuredmedia":[{"embeddable":true,"href":"https:\/\/iesolajara.es\/index.php?rest_route=\/wp\/v2\/media\/2892"}],"wp:attachment":[{"href":"https:\/\/iesolajara.es\/index.php?rest_route=%2Fwp%2Fv2%2Fmedia&parent=2889"}],"wp:term":[{"taxonomy":"category","embeddable":true,"href":"https:\/\/iesolajara.es\/index.php?rest_route=%2Fwp%2Fv2%2Fcategories&post=2889"},{"taxonomy":"post_tag","embeddable":true,"href":"https:\/\/iesolajara.es\/index.php?rest_route=%2Fwp%2Fv2%2Ftags&post=2889"}],"curies":[{"name":"wp","href":"https:\/\/api.w.org\/{rel}","templated":true}]}}