{"id":2642,"date":"2022-04-01T11:08:32","date_gmt":"2022-04-01T11:08:32","guid":{"rendered":"http:\/\/iesolajara.es\/?p=2642"},"modified":"2022-04-01T11:08:34","modified_gmt":"2022-04-01T11:08:34","slug":"dia-mundial-del-autismo-2-de-abril","status":"publish","type":"post","link":"https:\/\/iesolajara.es\/?p=2642","title":{"rendered":"D\u00eda mundial del autismo: 2 de abril"},"content":{"rendered":"\n<p>El IESO La Jara ha conmemorado el D\u00eda Mundial de Concienciaci\u00f3n sobre el Autismo, que se celebra ma\u00f1ana s\u00e1bado 2 abril, a trav\u00e9s de un mural titulado \u00abPiezas por el autismo\u00bb que se expone en la planta baja frente a nuestra aula de Pl\u00e1stica. Confiamos en que este trabajo, coordinado por nuestra Orientadora Mercedes Iniesta Segura y realizado por los alumnos de nuestro centro con sus tutores, d\u00e9 visibilidad a los afectados por el Trastorno del Espectro Autista y a sus familias.<\/p>\n","protected":false},"excerpt":{"rendered":"<div class=\"mh-excerpt\"><\/div>","protected":false},"author":1,"featured_media":2643,"comment_status":"open","ping_status":"open","sticky":false,"template":"","format":"standard","meta":{"footnotes":""},"categories":[1],"tags":[184,182,185,183],"class_list":["post-2642","post","type-post","status-publish","format-standard","has-post-thumbnail","hentry","category-general","tag-autismo","tag-inclusion","tag-mural","tag-tea"],"_links":{"self":[{"href":"https:\/\/iesolajara.es\/index.php?rest_route=\/wp\/v2\/posts\/2642","targetHints":{"allow":["GET"]}}],"collection":[{"href":"https:\/\/iesolajara.es\/index.php?rest_route=\/wp\/v2\/posts"}],"about":[{"href":"https:\/\/iesolajara.es\/index.php?rest_route=\/wp\/v2\/types\/post"}],"author":[{"embeddable":true,"href":"https:\/\/iesolajara.es\/index.php?rest_route=\/wp\/v2\/users\/1"}],"replies":[{"embeddable":true,"href":"https:\/\/iesolajara.es\/index.php?rest_route=%2Fwp%2Fv2%2Fcomments&post=2642"}],"version-history":[{"count":3,"href":"https:\/\/iesolajara.es\/index.php?rest_route=\/wp\/v2\/posts\/2642\/revisions"}],"predecessor-version":[{"id":2646,"href":"https:\/\/iesolajara.es\/index.php?rest_route=\/wp\/v2\/posts\/2642\/revisions\/2646"}],"wp:featuredmedia":[{"embeddable":true,"href":"https:\/\/iesolajara.es\/index.php?rest_route=\/wp\/v2\/media\/2643"}],"wp:attachment":[{"href":"https:\/\/iesolajara.es\/index.php?rest_route=%2Fwp%2Fv2%2Fmedia&parent=2642"}],"wp:term":[{"taxonomy":"category","embeddable":true,"href":"https:\/\/iesolajara.es\/index.php?rest_route=%2Fwp%2Fv2%2Fcategories&post=2642"},{"taxonomy":"post_tag","embeddable":true,"href":"https:\/\/iesolajara.es\/index.php?rest_route=%2Fwp%2Fv2%2Ftags&post=2642"}],"curies":[{"name":"wp","href":"https:\/\/api.w.org\/{rel}","templated":true}]}}