{"id":2489,"date":"2021-11-30T11:15:38","date_gmt":"2021-11-30T11:15:38","guid":{"rendered":"http:\/\/iesolajara.es\/?p=2489"},"modified":"2021-11-30T11:19:20","modified_gmt":"2021-11-30T11:19:20","slug":"semana-de-la-ciencia-en-el-ieso-la-jara","status":"publish","type":"post","link":"https:\/\/iesolajara.es\/?p=2489","title":{"rendered":"SEMANA DE LA CIENCIA EN EL IESO LA JARA"},"content":{"rendered":"\n<p>Entre el 2 y el 12 de noviembre celebramos la semana de la ciencia con algunas actividades en nuestro centro.&nbsp;<\/p>\n<ul>\n<li>Se realiz\u00f3 para 3\u00ba ESO un taller online desde la UCLM titulado <strong>\u201cComponentes de los alimentos \u00bfCu\u00e1l es su funci\u00f3n? \u00bfQu\u00e9 propiedades tienen?\u201d<\/strong>. Este taller consist\u00eda en experimentos para demostrar los componentes de los alimentos. Carlos L\u00f3pez Pinilla ha sido el encargado de hacer una breve cr\u00f3nica del taller:<\/li>\n<\/ul>\n<p><em>\u00abEl pasado mi\u00e9rcoles 10 de noviembre, por motivo de la semana de la ciencia, los alumnos de 3\u00ba realizamos un taller online, con M\u00aa \u00c1ngeles Ruiz Gonz\u00e1lez, una profesora Titular de Universidad, en el \u00e1rea de Bioqu\u00edmica y Biolog\u00eda Molecular, de Catilla-La Mancha. Fue un taller de lo m\u00e1s entretenido e interesante, aunque el mayor punto positivo fue lo que aprendimos; ya que el tema iba de la mano con el contenido que actualmente estamos dando en la asignatura de Biolog\u00eda, los componentes de los alimentos, sus funciones y sus propiedades. Las prote\u00ednas, los l\u00edpidos, las vitaminas, los hidratos de carbono, y muchos m\u00e1s; son lo que forman los alimentos y los que gracias a ellos podemos vivir los seres vivos. Estuvimos aprendiendo las funciones de estos componentes, por ejemplo, que las vitaminas tienen funci\u00f3n reguladora, o que las prote\u00ednas tienen funci\u00f3n estructural. Estuvimos viendo todas sus propiedades en una serie de experimentos qu\u00edmicos, los cu\u00e1les fueron la parte m\u00e1s entretenida y divertida del taller. Participamos con varios centros m\u00e1s de Castilla-La Mancha. Para finalizar, dar las gracias a nuestra profesora, Mar\u00eda; por habernos dado esta oportunidad de poder aprender de una forma distinta.\u00bb<\/em><\/p>\n\n\n\n<p><\/p>\n\n\n\n<figure class=\"wp-block-image size-large\"><img loading=\"lazy\" decoding=\"async\" width=\"1024\" height=\"768\" src=\"http:\/\/iesolajara.es\/wp-content\/uploads\/2021\/11\/20211110_120719-1024x768.jpg\" alt=\"\" class=\"wp-image-2491\" srcset=\"https:\/\/iesolajara.es\/wp-content\/uploads\/2021\/11\/20211110_120719-1024x768.jpg 1024w, https:\/\/iesolajara.es\/wp-content\/uploads\/2021\/11\/20211110_120719-300x225.jpg 300w, https:\/\/iesolajara.es\/wp-content\/uploads\/2021\/11\/20211110_120719-768x576.jpg 768w, https:\/\/iesolajara.es\/wp-content\/uploads\/2021\/11\/20211110_120719-1536x1152.jpg 1536w, https:\/\/iesolajara.es\/wp-content\/uploads\/2021\/11\/20211110_120719-2048x1536.jpg 2048w, https:\/\/iesolajara.es\/wp-content\/uploads\/2021\/11\/20211110_120719-678x509.jpg 678w, https:\/\/iesolajara.es\/wp-content\/uploads\/2021\/11\/20211110_120719-326x245.jpg 326w, https:\/\/iesolajara.es\/wp-content\/uploads\/2021\/11\/20211110_120719-80x60.jpg 80w\" sizes=\"auto, (max-width: 1024px) 100vw, 1024px\" \/><\/figure>\n\n\n\n<ul>\n<li>En Tecnolog\u00eda se hizo la actividad <strong>\u00ab\u00bfCiudades inteligentes? Retos para la movilidad sostenible e inclusiva\u00bb<\/strong>, dirigida por la profesora Amparo Moyano en el marco de la Semana de la Ciencia de la Universidad de Castilla La Mancha. Carlos L\u00f3pez Pinilla ha sido el encargado de redactar la cr\u00f3nica de esta actividad.<\/li>\n<\/ul>\n<p><em><span style=\"font-weight: 400;\">El jueves 11 de noviembre a las 12:25 la clase de 3\u00ba de la ESO en Tecnolog\u00eda, realiz\u00f3 un taller online con motivo de la semana de la ciencia, asistiendo tambi\u00e9n otro centro de Catilla-La Mancha.&nbsp;<\/span><span style=\"font-weight: 400;\">El taller lo dio la cient\u00edfica, Amparo Moyano Enriquez de Salamanca, una mujer ingeniera de caminos. La charla fue muy interesante, la ponente nos cont\u00f3 su experiencia personal, sus estudios, y como eligi\u00f3 su carrera, y luego el punto m\u00e1s importante del que nos habl\u00f3 fue el transporte en las ciudades, los mejores medios sostenibles bajo su punto personal y el fomentar la bicicleta. <\/span><span style=\"font-weight: 400;\">Tambi\u00e9n, que las ciudades deber\u00edan cambiar su modelo de vida contaminante por algo m\u00e1s sostenible, el transporte p\u00fablico, andar, etc. Que se deber\u00edan de modificar las carreteras carriles, etc, para que las personas les resulte m\u00e1s c\u00f3modo moverse de manera sostenible y no con veh\u00edculo propio. <\/span><span style=\"font-weight: 400;\">Despu\u00e9s hubo una ronda de preguntas en la que tanto los alumnos del otro instituto y nosotros le preguntamos cosas que nos importan y nos preocupan para el futuro. <\/span><span style=\"font-weight: 400;\">Por \u00faltimo, mis agradecimientos a nuestra profesora de Tecnolog\u00eda, Aurora, por haber hecho la semana de la ciencia, que sea algo especial.<\/span><\/em><\/p>\n<p>&nbsp;<\/p>\n\n\n\n<figure class=\"wp-block-image size-full\"><img loading=\"lazy\" decoding=\"async\" width=\"240\" height=\"320\" src=\"http:\/\/iesolajara.es\/wp-content\/uploads\/2021\/11\/FOTO-5-TALLER-DE-LA-CIENCIA-rotated.jpg\" alt=\"\" class=\"wp-image-2492\" srcset=\"https:\/\/iesolajara.es\/wp-content\/uploads\/2021\/11\/FOTO-5-TALLER-DE-LA-CIENCIA-rotated.jpg 240w, https:\/\/iesolajara.es\/wp-content\/uploads\/2021\/11\/FOTO-5-TALLER-DE-LA-CIENCIA-225x300.jpg 225w\" sizes=\"auto, (max-width: 240px) 100vw, 240px\" \/><\/figure>\n\n\n\n\n\n<p><\/p>\n\n\n\n<ul>\n<li>En 3\u00ba y 4\u00ba ESO participamos en el breakout propuesto por el Parque Cient\u00edfico y Tecnol\u00f3gico de Castilla-La Mancha titulado <strong>\u00abMisi\u00f3n ELLAS\u00bb<\/strong>. Los alumnos ten\u00edan 60 minutos para superar los retos de 4 misiones y desbloquear as\u00ed el ordenador central. Fue una actividad muy motivadora e interesante ya que cada reto iba enfocado a una cient\u00edfica y sus logros en la ciencia.<\/li>\n<\/ul>\n\n\n\n<figure class=\"wp-block-image size-large\"><img loading=\"lazy\" decoding=\"async\" width=\"1024\" height=\"768\" src=\"http:\/\/iesolajara.es\/wp-content\/uploads\/2021\/11\/20211112_130511-1024x768.jpg\" alt=\"\" class=\"wp-image-2493\" srcset=\"https:\/\/iesolajara.es\/wp-content\/uploads\/2021\/11\/20211112_130511-1024x768.jpg 1024w, https:\/\/iesolajara.es\/wp-content\/uploads\/2021\/11\/20211112_130511-300x225.jpg 300w, https:\/\/iesolajara.es\/wp-content\/uploads\/2021\/11\/20211112_130511-768x576.jpg 768w, https:\/\/iesolajara.es\/wp-content\/uploads\/2021\/11\/20211112_130511-1536x1152.jpg 1536w, https:\/\/iesolajara.es\/wp-content\/uploads\/2021\/11\/20211112_130511-2048x1536.jpg 2048w, https:\/\/iesolajara.es\/wp-content\/uploads\/2021\/11\/20211112_130511-678x509.jpg 678w, https:\/\/iesolajara.es\/wp-content\/uploads\/2021\/11\/20211112_130511-326x245.jpg 326w, https:\/\/iesolajara.es\/wp-content\/uploads\/2021\/11\/20211112_130511-80x60.jpg 80w\" sizes=\"auto, (max-width: 1024px) 100vw, 1024px\" \/><\/figure>\n\n\n\n<figure class=\"wp-block-image size-large\"><img loading=\"lazy\" decoding=\"async\" width=\"1024\" height=\"768\" src=\"http:\/\/iesolajara.es\/wp-content\/uploads\/2021\/11\/20211112_132617-1024x768.jpg\" alt=\"\" class=\"wp-image-2494\" srcset=\"https:\/\/iesolajara.es\/wp-content\/uploads\/2021\/11\/20211112_132617-1024x768.jpg 1024w, https:\/\/iesolajara.es\/wp-content\/uploads\/2021\/11\/20211112_132617-300x225.jpg 300w, https:\/\/iesolajara.es\/wp-content\/uploads\/2021\/11\/20211112_132617-768x576.jpg 768w, https:\/\/iesolajara.es\/wp-content\/uploads\/2021\/11\/20211112_132617-1536x1152.jpg 1536w, https:\/\/iesolajara.es\/wp-content\/uploads\/2021\/11\/20211112_132617-2048x1536.jpg 2048w, https:\/\/iesolajara.es\/wp-content\/uploads\/2021\/11\/20211112_132617-678x509.jpg 678w, https:\/\/iesolajara.es\/wp-content\/uploads\/2021\/11\/20211112_132617-326x245.jpg 326w, https:\/\/iesolajara.es\/wp-content\/uploads\/2021\/11\/20211112_132617-80x60.jpg 80w\" sizes=\"auto, (max-width: 1024px) 100vw, 1024px\" \/><\/figure>\n","protected":false},"excerpt":{"rendered":"<div class=\"mh-excerpt\"><\/div>","protected":false},"author":8,"featured_media":2498,"comment_status":"open","ping_status":"open","sticky":false,"template":"","format":"standard","meta":{"footnotes":""},"categories":[1],"tags":[],"class_list":["post-2489","post","type-post","status-publish","format-standard","has-post-thumbnail","hentry","category-general"],"_links":{"self":[{"href":"https:\/\/iesolajara.es\/index.php?rest_route=\/wp\/v2\/posts\/2489","targetHints":{"allow":["GET"]}}],"collection":[{"href":"https:\/\/iesolajara.es\/index.php?rest_route=\/wp\/v2\/posts"}],"about":[{"href":"https:\/\/iesolajara.es\/index.php?rest_route=\/wp\/v2\/types\/post"}],"author":[{"embeddable":true,"href":"https:\/\/iesolajara.es\/index.php?rest_route=\/wp\/v2\/users\/8"}],"replies":[{"embeddable":true,"href":"https:\/\/iesolajara.es\/index.php?rest_route=%2Fwp%2Fv2%2Fcomments&post=2489"}],"version-history":[{"count":6,"href":"https:\/\/iesolajara.es\/index.php?rest_route=\/wp\/v2\/posts\/2489\/revisions"}],"predecessor-version":[{"id":2500,"href":"https:\/\/iesolajara.es\/index.php?rest_route=\/wp\/v2\/posts\/2489\/revisions\/2500"}],"wp:featuredmedia":[{"embeddable":true,"href":"https:\/\/iesolajara.es\/index.php?rest_route=\/wp\/v2\/media\/2498"}],"wp:attachment":[{"href":"https:\/\/iesolajara.es\/index.php?rest_route=%2Fwp%2Fv2%2Fmedia&parent=2489"}],"wp:term":[{"taxonomy":"category","embeddable":true,"href":"https:\/\/iesolajara.es\/index.php?rest_route=%2Fwp%2Fv2%2Fcategories&post=2489"},{"taxonomy":"post_tag","embeddable":true,"href":"https:\/\/iesolajara.es\/index.php?rest_route=%2Fwp%2Fv2%2Ftags&post=2489"}],"curies":[{"name":"wp","href":"https:\/\/api.w.org\/{rel}","templated":true}]}}