{"id":2446,"date":"2021-09-06T11:34:07","date_gmt":"2021-09-06T11:34:07","guid":{"rendered":"http:\/\/iesolajara.es\/?p=2446"},"modified":"2021-09-07T09:11:57","modified_gmt":"2021-09-07T09:11:57","slug":"reunion-inicial-con-padres-martes-1100","status":"publish","type":"post","link":"https:\/\/iesolajara.es\/?p=2446","title":{"rendered":"Reuni\u00f3n inicial con padres martes 11:00"},"content":{"rendered":"\n<p>Como ya hemos ido comunicando telef\u00f3nicamente, ma\u00f1ana martes 7 de septiembre los tutores de los distintos grupos se reunir\u00e1n con los padres por videoconferencia para trasladarles informaci\u00f3n importante del inicio de curso. Aunque deber\u00edan recibir un enlace para conectarse por correo electr\u00f3nico, antes de la reuni\u00f3n los colgaremos tambi\u00e9n en esta misma p\u00e1gina:<\/p>\n<p>1\u00baESO A\/B: <a href=\"https:\/\/meet.google.com\/qdt-osev-fng?hs=224\" target=\"_blank\" rel=\"noopener\" data-saferedirecturl=\"https:\/\/www.google.com\/url?q=https:\/\/meet.google.com\/qdt-osev-fng?hs%3D224&amp;source=gmail&amp;ust=1631090981163000&amp;usg=AFQjCNFfz5L9l-1dxCJ9prYmdvVw471bxQ\">meet.google.com\/qdt-osev-fng<\/a><\/p>\n<p>2\u00baESO\/2\u00baPMAR: <a href=\"https:\/\/meet.google.com\/hnr-zenw-qjn\">meet.google.com\/hnr-zenw-qjn<\/a><\/p>\n<p>3\u00baESO: <a href=\"https:\/\/meet.google.com\/prk-mzgj-gsq\">meet.google.com\/prk-mzgj-gsq<\/a><\/p>\n<p>3\u00baPMAR: <a href=\"http:\/\/meet.google.com\/bxy-dccz-nkk\">meet.google.com\/bxy-dccz-nkk<\/a><\/p>\n<p>4\u00baESO: <a href=\"http:\/\/meet.google.com\/sqc-ygqu-kpg\">meet.google.com\/sqc-ygqu-kpg<\/a><\/p>\n<p>\u00a0<\/p>\n<p>\u00a0<\/p>\n<p>\u00a0<\/p>\n","protected":false},"excerpt":{"rendered":"<div class=\"mh-excerpt\"><\/div>","protected":false},"author":1,"featured_media":2284,"comment_status":"open","ping_status":"open","sticky":false,"template":"","format":"standard","meta":{"footnotes":""},"categories":[6],"tags":[168,166,165,167],"class_list":["post-2446","post","type-post","status-publish","format-standard","has-post-thumbnail","hentry","category-secretaria","tag-inicio-de-curso","tag-padres","tag-reunion","tag-videoconferencia"],"_links":{"self":[{"href":"https:\/\/iesolajara.es\/index.php?rest_route=\/wp\/v2\/posts\/2446","targetHints":{"allow":["GET"]}}],"collection":[{"href":"https:\/\/iesolajara.es\/index.php?rest_route=\/wp\/v2\/posts"}],"about":[{"href":"https:\/\/iesolajara.es\/index.php?rest_route=\/wp\/v2\/types\/post"}],"author":[{"embeddable":true,"href":"https:\/\/iesolajara.es\/index.php?rest_route=\/wp\/v2\/users\/1"}],"replies":[{"embeddable":true,"href":"https:\/\/iesolajara.es\/index.php?rest_route=%2Fwp%2Fv2%2Fcomments&post=2446"}],"version-history":[{"count":5,"href":"https:\/\/iesolajara.es\/index.php?rest_route=\/wp\/v2\/posts\/2446\/revisions"}],"predecessor-version":[{"id":2456,"href":"https:\/\/iesolajara.es\/index.php?rest_route=\/wp\/v2\/posts\/2446\/revisions\/2456"}],"wp:featuredmedia":[{"embeddable":true,"href":"https:\/\/iesolajara.es\/index.php?rest_route=\/wp\/v2\/media\/2284"}],"wp:attachment":[{"href":"https:\/\/iesolajara.es\/index.php?rest_route=%2Fwp%2Fv2%2Fmedia&parent=2446"}],"wp:term":[{"taxonomy":"category","embeddable":true,"href":"https:\/\/iesolajara.es\/index.php?rest_route=%2Fwp%2Fv2%2Fcategories&post=2446"},{"taxonomy":"post_tag","embeddable":true,"href":"https:\/\/iesolajara.es\/index.php?rest_route=%2Fwp%2Fv2%2Ftags&post=2446"}],"curies":[{"name":"wp","href":"https:\/\/api.w.org\/{rel}","templated":true}]}}