{"id":2336,"date":"2021-01-05T18:18:05","date_gmt":"2021-01-05T18:18:05","guid":{"rendered":"http:\/\/iesolajara.es\/?p=2336"},"modified":"2021-01-10T22:15:52","modified_gmt":"2021-01-10T22:15:52","slug":"no-hay-clase-el-viernes-8-de-enero","status":"publish","type":"post","link":"https:\/\/iesolajara.es\/?p=2336","title":{"rendered":"No hay clase hasta el mi\u00e9rcoles 13 de enero"},"content":{"rendered":"\n<p>Felices fiestas a todos. La Consejer\u00eda de Educaci\u00f3n ha decidido cancelar las clases en colegios e institutos de Castilla-La Mancha para el pr\u00f3ximo viernes 8 de enero, debido a la alerta meteorol\u00f3gica de nevadas. <del>De manera que nos veremos el pr\u00f3ximo lunes 11 de enero, ten\u00e9is un fin de semana m\u00e1s para jugar con los regalos de los Reyes Magos. \u00a1Hasta el lunes!<\/del><\/p>\n<p><span style=\"color: #ff6600;\">Actualizaci\u00f3n: Las clases se suspenden tambi\u00e9n el lunes 11 y el martes 12 de enero. Os mantendremos informados si hay m\u00e1s novedades, pero de momento <strong>se reanudan las clases el mi\u00e9rcoles 13 de enero<\/strong>. Las temperaturas ser\u00e1n extremadamente bajas, as\u00ed que venid al instituto especialmente abrigados.<\/span><\/p>\n<p>http:\/\/www.educa.jccm.es\/es\/destacadosportada\/gobierno-regional-suspende-actividad-lectiva-toda-region-pr<\/p>\n<p>http:\/\/www.educa.jccm.es\/es\/destacadosportada\/gobierno-regional-suspende-actividad-lectiva-centros-educat<\/p>\n","protected":false},"excerpt":{"rendered":"<div class=\"mh-excerpt\"><\/div>","protected":false},"author":1,"featured_media":2338,"comment_status":"open","ping_status":"open","sticky":false,"template":"","format":"standard","meta":{"footnotes":""},"categories":[1],"tags":[153],"class_list":["post-2336","post","type-post","status-publish","format-standard","has-post-thumbnail","hentry","category-general","tag-nevada"],"_links":{"self":[{"href":"https:\/\/iesolajara.es\/index.php?rest_route=\/wp\/v2\/posts\/2336","targetHints":{"allow":["GET"]}}],"collection":[{"href":"https:\/\/iesolajara.es\/index.php?rest_route=\/wp\/v2\/posts"}],"about":[{"href":"https:\/\/iesolajara.es\/index.php?rest_route=\/wp\/v2\/types\/post"}],"author":[{"embeddable":true,"href":"https:\/\/iesolajara.es\/index.php?rest_route=\/wp\/v2\/users\/1"}],"replies":[{"embeddable":true,"href":"https:\/\/iesolajara.es\/index.php?rest_route=%2Fwp%2Fv2%2Fcomments&post=2336"}],"version-history":[{"count":2,"href":"https:\/\/iesolajara.es\/index.php?rest_route=\/wp\/v2\/posts\/2336\/revisions"}],"predecessor-version":[{"id":2342,"href":"https:\/\/iesolajara.es\/index.php?rest_route=\/wp\/v2\/posts\/2336\/revisions\/2342"}],"wp:featuredmedia":[{"embeddable":true,"href":"https:\/\/iesolajara.es\/index.php?rest_route=\/wp\/v2\/media\/2338"}],"wp:attachment":[{"href":"https:\/\/iesolajara.es\/index.php?rest_route=%2Fwp%2Fv2%2Fmedia&parent=2336"}],"wp:term":[{"taxonomy":"category","embeddable":true,"href":"https:\/\/iesolajara.es\/index.php?rest_route=%2Fwp%2Fv2%2Fcategories&post=2336"},{"taxonomy":"post_tag","embeddable":true,"href":"https:\/\/iesolajara.es\/index.php?rest_route=%2Fwp%2Fv2%2Ftags&post=2336"}],"curies":[{"name":"wp","href":"https:\/\/api.w.org\/{rel}","templated":true}]}}