{"id":1983,"date":"2020-02-19T07:58:07","date_gmt":"2020-02-19T07:58:07","guid":{"rendered":"http:\/\/iesolajara.es\/?p=1983"},"modified":"2020-02-19T07:58:45","modified_gmt":"2020-02-19T07:58:45","slug":"jobshadowing-en-alemania","status":"publish","type":"post","link":"https:\/\/iesolajara.es\/?p=1983","title":{"rendered":"Jobshadowing en Alemania"},"content":{"rendered":"\n<p>La semana anterior, del 9 al 15 de febrero de 2020, el profesor de Matem\u00e1ticas Enrique Mart\u00edn Mart\u00ednez estuvo en un periodo de observaci\u00f3n en el instituto Kobi Gymnasium de D\u00fcseldorf (Alemania), en el marco del proyecto E+Startles de Consorcio Erasmus+. He aqu\u00ed un resumen de la movilidad:<\/p>\n<p><strong>Viernes 7 de febrero:<\/strong> vuelo de Madrid a D\u00fcseldorf a \u00faltima hora de la tarde, sin novedades aunque con preocupaci\u00f3n por la alerta meteorol\u00f3gica que advierte por la llegada del hurac\u00e1n Sabine entre el domingo y el lunes.<\/p>\n<p><img loading=\"lazy\" decoding=\"async\" class=\"alignnone size-medium wp-image-1984\" src=\"http:\/\/iesolajara.es\/wp-content\/uploads\/2020\/02\/IMG_20200207_192134-225x300.jpg\" alt=\"\" width=\"225\" height=\"300\" srcset=\"https:\/\/iesolajara.es\/wp-content\/uploads\/2020\/02\/IMG_20200207_192134-225x300.jpg 225w, https:\/\/iesolajara.es\/wp-content\/uploads\/2020\/02\/IMG_20200207_192134-768x1024.jpg 768w, https:\/\/iesolajara.es\/wp-content\/uploads\/2020\/02\/IMG_20200207_192134-1152x1536.jpg 1152w, https:\/\/iesolajara.es\/wp-content\/uploads\/2020\/02\/IMG_20200207_192134.jpg 1536w\" sizes=\"auto, (max-width: 225px) 100vw, 225px\" \/><\/p>\n<p><strong>S\u00e1bado 8 de febrero:<\/strong> voy en tren a la vecina ciudad de Colonia, famosa por su catedral g\u00f3tica que tard\u00f3 siglos en construirse.<\/p>\n<p><img loading=\"lazy\" decoding=\"async\" class=\"alignnone size-medium wp-image-1985\" src=\"http:\/\/iesolajara.es\/wp-content\/uploads\/2020\/02\/IMG_20200208_171257-225x300.jpg\" alt=\"\" width=\"225\" height=\"300\" srcset=\"https:\/\/iesolajara.es\/wp-content\/uploads\/2020\/02\/IMG_20200208_171257-225x300.jpg 225w, https:\/\/iesolajara.es\/wp-content\/uploads\/2020\/02\/IMG_20200208_171257-768x1024.jpg 768w, https:\/\/iesolajara.es\/wp-content\/uploads\/2020\/02\/IMG_20200208_171257-1152x1536.jpg 1152w, https:\/\/iesolajara.es\/wp-content\/uploads\/2020\/02\/IMG_20200208_171257.jpg 1536w\" sizes=\"auto, (max-width: 225px) 100vw, 225px\" \/><\/p>\n<p><strong>Domingo 9 de febrero:<\/strong> visito el centro de D\u00fcseldorf, pero por la tarde comienza a arreciar el viento. Se avecina el hurac\u00e1n. La p\u00e1gina web del instituto avisa de la cancelaci\u00f3n de las clases para el lunes. En la foto se ven los edificios del arquitecto Frank Ghery en el fondo.<\/p>\n<p><img loading=\"lazy\" decoding=\"async\" class=\"alignnone size-medium wp-image-1986\" src=\"http:\/\/iesolajara.es\/wp-content\/uploads\/2020\/02\/IMG_20200209_121130-300x225.jpg\" alt=\"\" width=\"300\" height=\"225\" srcset=\"https:\/\/iesolajara.es\/wp-content\/uploads\/2020\/02\/IMG_20200209_121130-300x225.jpg 300w, https:\/\/iesolajara.es\/wp-content\/uploads\/2020\/02\/IMG_20200209_121130-1024x768.jpg 1024w, https:\/\/iesolajara.es\/wp-content\/uploads\/2020\/02\/IMG_20200209_121130-768x576.jpg 768w, https:\/\/iesolajara.es\/wp-content\/uploads\/2020\/02\/IMG_20200209_121130-1536x1152.jpg 1536w, https:\/\/iesolajara.es\/wp-content\/uploads\/2020\/02\/IMG_20200209_121130-678x509.jpg 678w, https:\/\/iesolajara.es\/wp-content\/uploads\/2020\/02\/IMG_20200209_121130-326x245.jpg 326w, https:\/\/iesolajara.es\/wp-content\/uploads\/2020\/02\/IMG_20200209_121130-80x60.jpg 80w, https:\/\/iesolajara.es\/wp-content\/uploads\/2020\/02\/IMG_20200209_121130.jpg 2048w\" sizes=\"auto, (max-width: 300px) 100vw, 300px\" \/><\/p>\n<p><strong>Lunes 10 de febrero:<\/strong> el hurac\u00e1n azota la zona. En la foto actuaci\u00f3n de los bomberos en un cartel de un centro comercial que se hab\u00eda desprendido.<\/p>\n<p><img loading=\"lazy\" decoding=\"async\" class=\"alignnone size-medium wp-image-1987\" src=\"http:\/\/iesolajara.es\/wp-content\/uploads\/2020\/02\/IMG_20200210_122502-300x225.jpg\" alt=\"\" width=\"300\" height=\"225\" srcset=\"https:\/\/iesolajara.es\/wp-content\/uploads\/2020\/02\/IMG_20200210_122502-300x225.jpg 300w, https:\/\/iesolajara.es\/wp-content\/uploads\/2020\/02\/IMG_20200210_122502-1024x768.jpg 1024w, https:\/\/iesolajara.es\/wp-content\/uploads\/2020\/02\/IMG_20200210_122502-768x576.jpg 768w, https:\/\/iesolajara.es\/wp-content\/uploads\/2020\/02\/IMG_20200210_122502-1536x1152.jpg 1536w, https:\/\/iesolajara.es\/wp-content\/uploads\/2020\/02\/IMG_20200210_122502-678x509.jpg 678w, https:\/\/iesolajara.es\/wp-content\/uploads\/2020\/02\/IMG_20200210_122502-326x245.jpg 326w, https:\/\/iesolajara.es\/wp-content\/uploads\/2020\/02\/IMG_20200210_122502-80x60.jpg 80w, https:\/\/iesolajara.es\/wp-content\/uploads\/2020\/02\/IMG_20200210_122502.jpg 2048w\" sizes=\"auto, (max-width: 300px) 100vw, 300px\" \/><\/p>\n<p><strong>Martes 11 de febrero:<\/strong> \u00a1Por fin conozco el Kobi Gymasium! Mi anfritiona, la profesora de espa\u00f1ol salmantina Marta Garc\u00eda, me recibe y me entrega el programa de la observaci\u00f3n. Hoy observo las clases de matem\u00e1ticas de Michael Perlitz, un profesor con muy buena mano con los alumnos. Converso distendidamente con sus alumnos de 6\u00ba, y veo como trabaja con la clase del equivalente a 2\u00ba de bachillerato, donde estudian la distancia de un punto a una recta en tres dimensiones. Los periodos de clase son de 45 minutos, pero en Matem\u00e1ticas habitualmente juntan dos seguidos con una peque\u00f1a pausa intermedia, con lo que pueden trabajar un tema con mucha profundidad.<\/p>\n<p><img loading=\"lazy\" decoding=\"async\" class=\"alignnone size-medium wp-image-1988\" src=\"http:\/\/iesolajara.es\/wp-content\/uploads\/2020\/02\/IMG_20200211_101336-300x225.jpg\" alt=\"\" width=\"300\" height=\"225\" srcset=\"https:\/\/iesolajara.es\/wp-content\/uploads\/2020\/02\/IMG_20200211_101336-300x225.jpg 300w, https:\/\/iesolajara.es\/wp-content\/uploads\/2020\/02\/IMG_20200211_101336-1024x768.jpg 1024w, https:\/\/iesolajara.es\/wp-content\/uploads\/2020\/02\/IMG_20200211_101336-768x576.jpg 768w, https:\/\/iesolajara.es\/wp-content\/uploads\/2020\/02\/IMG_20200211_101336-1536x1152.jpg 1536w, https:\/\/iesolajara.es\/wp-content\/uploads\/2020\/02\/IMG_20200211_101336-678x509.jpg 678w, https:\/\/iesolajara.es\/wp-content\/uploads\/2020\/02\/IMG_20200211_101336-326x245.jpg 326w, https:\/\/iesolajara.es\/wp-content\/uploads\/2020\/02\/IMG_20200211_101336-80x60.jpg 80w, https:\/\/iesolajara.es\/wp-content\/uploads\/2020\/02\/IMG_20200211_101336.jpg 2048w\" sizes=\"auto, (max-width: 300px) 100vw, 300px\" \/><\/p>\n<p><strong>Mi\u00e9rcoles 12 de febrero:<\/strong> A primera hora visito la clase de espa\u00f1ol de Marta Garc\u00eda, con cuyos alumnos conversamos amistosamente y nos explican el sistema de educaci\u00f3n alem\u00e1n, en el que la primaria solo dura hasta cuarto curso y despu\u00e9s hay que elegir entre hacer bachillerato o formaci\u00f3n profesional. Despu\u00e9s estoy con la profesora de matem\u00e1ticas Janike Rosanski, que habla un espa\u00f1ol excelente, y veo como corrige un examen de funciones lineales en octavo (nuestro segundo de la ESO). Me llama la atenci\u00f3n como indica en un lado de la pizarra los pasos que da cuando resuelve una ecuaci\u00f3n. Tambi\u00e9n me meto en clase de ingl\u00e9s con Dennis, un magn\u00edfico profesor que hace un listening sobre una leyenda de los nativos canadienses, un tema dif\u00edcil pero con el que los alumnos no tienen ning\u00fan problema.<\/p>\n<p><img loading=\"lazy\" decoding=\"async\" class=\"alignnone size-medium wp-image-1991\" src=\"http:\/\/iesolajara.es\/wp-content\/uploads\/2020\/02\/IMG-0580-300x225.jpg\" alt=\"\" width=\"300\" height=\"225\" srcset=\"https:\/\/iesolajara.es\/wp-content\/uploads\/2020\/02\/IMG-0580-300x225.jpg 300w, https:\/\/iesolajara.es\/wp-content\/uploads\/2020\/02\/IMG-0580-1024x768.jpg 1024w, https:\/\/iesolajara.es\/wp-content\/uploads\/2020\/02\/IMG-0580-768x576.jpg 768w, https:\/\/iesolajara.es\/wp-content\/uploads\/2020\/02\/IMG-0580-1536x1152.jpg 1536w, https:\/\/iesolajara.es\/wp-content\/uploads\/2020\/02\/IMG-0580-678x509.jpg 678w, https:\/\/iesolajara.es\/wp-content\/uploads\/2020\/02\/IMG-0580-326x245.jpg 326w, https:\/\/iesolajara.es\/wp-content\/uploads\/2020\/02\/IMG-0580-80x60.jpg 80w, https:\/\/iesolajara.es\/wp-content\/uploads\/2020\/02\/IMG-0580.jpg 2048w\" sizes=\"auto, (max-width: 300px) 100vw, 300px\" \/><\/p>\n<p><strong>Jueves 13 de febrero:<\/strong> Hoy me meto en la clase de 2\u00ba de Bachillerato de Monika Wernke, en la rama de ciencias sociales. Utilizando la calculadora gr\u00e1fica resuelven problemas de distribuci\u00f3n binomial y realizan representaciones gr\u00e1ficas. El instituto consta de tres edificios, y hoy estamos en el de m\u00e1s reciente construcci\u00f3n, con todo el equipamiento y los muebles impecables. Los alumnos se implican en la conservaci\u00f3n del centro, barriendo las aulas al terminar las clases.<\/p>\n<p><img loading=\"lazy\" decoding=\"async\" class=\"alignnone size-medium wp-image-1989\" src=\"http:\/\/iesolajara.es\/wp-content\/uploads\/2020\/02\/IMG_20200213_090005-300x225.jpg\" alt=\"\" width=\"300\" height=\"225\" srcset=\"https:\/\/iesolajara.es\/wp-content\/uploads\/2020\/02\/IMG_20200213_090005-300x225.jpg 300w, https:\/\/iesolajara.es\/wp-content\/uploads\/2020\/02\/IMG_20200213_090005-1024x768.jpg 1024w, https:\/\/iesolajara.es\/wp-content\/uploads\/2020\/02\/IMG_20200213_090005-768x576.jpg 768w, https:\/\/iesolajara.es\/wp-content\/uploads\/2020\/02\/IMG_20200213_090005-1536x1152.jpg 1536w, https:\/\/iesolajara.es\/wp-content\/uploads\/2020\/02\/IMG_20200213_090005-678x509.jpg 678w, https:\/\/iesolajara.es\/wp-content\/uploads\/2020\/02\/IMG_20200213_090005-326x245.jpg 326w, https:\/\/iesolajara.es\/wp-content\/uploads\/2020\/02\/IMG_20200213_090005-80x60.jpg 80w, https:\/\/iesolajara.es\/wp-content\/uploads\/2020\/02\/IMG_20200213_090005.jpg 2048w\" sizes=\"auto, (max-width: 300px) 100vw, 300px\" \/><\/p>\n<p><strong>Viernes 14 de febrero:<\/strong> Se termina la semana en el instituto. Observo las clases del simp\u00e1tico profesor de matem\u00e1ticas Ansgar Steinkopf, de 1\u00ba de Bachillerato (regla de la derivada de un producto de funciones) y 3\u00ba de la ESO (propiedades de las potencias). Y finalizo la observaci\u00f3n asistiendo a una clase de espa\u00f1ol de la profesora Marta Garc\u00eda, que plantea una curiosa actividad: sus alumnos representan un juicio basado en un caso real en el que una mujer mexicana ind\u00edgena es acusada de matar a su hijo al haberse caido por las escaleras al final de su embarazo, y esta no puede defenderse convenientemente por no hablar espa\u00f1ol.<\/p>\n<p><img loading=\"lazy\" decoding=\"async\" class=\"alignnone size-medium wp-image-1992\" src=\"http:\/\/iesolajara.es\/wp-content\/uploads\/2020\/02\/IMG_20200214_102859-300x225.jpg\" alt=\"\" width=\"300\" height=\"225\" srcset=\"https:\/\/iesolajara.es\/wp-content\/uploads\/2020\/02\/IMG_20200214_102859-300x225.jpg 300w, https:\/\/iesolajara.es\/wp-content\/uploads\/2020\/02\/IMG_20200214_102859-1024x768.jpg 1024w, https:\/\/iesolajara.es\/wp-content\/uploads\/2020\/02\/IMG_20200214_102859-768x576.jpg 768w, https:\/\/iesolajara.es\/wp-content\/uploads\/2020\/02\/IMG_20200214_102859-1536x1152.jpg 1536w, https:\/\/iesolajara.es\/wp-content\/uploads\/2020\/02\/IMG_20200214_102859-678x509.jpg 678w, https:\/\/iesolajara.es\/wp-content\/uploads\/2020\/02\/IMG_20200214_102859-326x245.jpg 326w, https:\/\/iesolajara.es\/wp-content\/uploads\/2020\/02\/IMG_20200214_102859-80x60.jpg 80w, https:\/\/iesolajara.es\/wp-content\/uploads\/2020\/02\/IMG_20200214_102859.jpg 2048w\" sizes=\"auto, (max-width: 300px) 100vw, 300px\" \/><\/p>\n<p><strong>S\u00e1bado 15 de febrero:<\/strong> d\u00eda de regresar a Espa\u00f1a, aunque aprovecho la ma\u00f1ana para volver al centro y ver el Carnaval, muy importante en esta regi\u00f3n. L\u00e1stima no haberme podido quedar unos d\u00edas m\u00e1s.<\/p>\n<p><img loading=\"lazy\" decoding=\"async\" class=\"alignnone size-medium wp-image-1994\" src=\"http:\/\/iesolajara.es\/wp-content\/uploads\/2020\/02\/IMG_20200215_160046-300x225.jpg\" alt=\"\" width=\"300\" height=\"225\" srcset=\"https:\/\/iesolajara.es\/wp-content\/uploads\/2020\/02\/IMG_20200215_160046-300x225.jpg 300w, https:\/\/iesolajara.es\/wp-content\/uploads\/2020\/02\/IMG_20200215_160046-1024x768.jpg 1024w, https:\/\/iesolajara.es\/wp-content\/uploads\/2020\/02\/IMG_20200215_160046-768x576.jpg 768w, https:\/\/iesolajara.es\/wp-content\/uploads\/2020\/02\/IMG_20200215_160046-1536x1152.jpg 1536w, https:\/\/iesolajara.es\/wp-content\/uploads\/2020\/02\/IMG_20200215_160046-678x509.jpg 678w, https:\/\/iesolajara.es\/wp-content\/uploads\/2020\/02\/IMG_20200215_160046-326x245.jpg 326w, https:\/\/iesolajara.es\/wp-content\/uploads\/2020\/02\/IMG_20200215_160046-80x60.jpg 80w, https:\/\/iesolajara.es\/wp-content\/uploads\/2020\/02\/IMG_20200215_160046.jpg 2048w\" sizes=\"auto, (max-width: 300px) 100vw, 300px\" \/><\/p>\n<p>Mis impresiones generales son que el alumno muestra mucho respeto al profesorado, tiene buen comportamiento y es muy participativo. Los profesores imparten clase con una metodolog\u00eda sencilla pero efectiva. El sistema educativo alem\u00e1n puede resultarnos extra\u00f1o por separar a los alumnos desde 5\u00ba de primaria, pero sin duda esto aporta ciertos beneficios. Me vuelvo a Espa\u00f1a con m\u00e1s ilusi\u00f3n para dar clase, con la perspectiva de haber visto un centro muy innovador en Finlandia, y otro en Alemania en el que destacan las buenas pr\u00e1cticas educativas cl\u00e1sicas.<\/p>\n<p>Tenemos pendientes m\u00e1s movilidades por realizar, seguiremos informando seg\u00fan se vayan produciendo. Esta es una magn\u00edfica oportunidad para el IESO La Jara, gracias a la coordinadora del consorcio desde Toledo Mar\u00eda Jes\u00fas Parra Romero, a la coordinadora de programa en nuestro centro y Jefa de Estudios Josefa Mu\u00f1oz Mansilla y a todos los implicados.<\/p>\n","protected":false},"excerpt":{"rendered":"<div class=\"mh-excerpt\"><\/div>","protected":false},"author":1,"featured_media":1770,"comment_status":"open","ping_status":"open","sticky":false,"template":"","format":"standard","meta":{"footnotes":""},"categories":[1],"tags":[],"class_list":["post-1983","post","type-post","status-publish","format-standard","has-post-thumbnail","hentry","category-general"],"_links":{"self":[{"href":"https:\/\/iesolajara.es\/index.php?rest_route=\/wp\/v2\/posts\/1983","targetHints":{"allow":["GET"]}}],"collection":[{"href":"https:\/\/iesolajara.es\/index.php?rest_route=\/wp\/v2\/posts"}],"about":[{"href":"https:\/\/iesolajara.es\/index.php?rest_route=\/wp\/v2\/types\/post"}],"author":[{"embeddable":true,"href":"https:\/\/iesolajara.es\/index.php?rest_route=\/wp\/v2\/users\/1"}],"replies":[{"embeddable":true,"href":"https:\/\/iesolajara.es\/index.php?rest_route=%2Fwp%2Fv2%2Fcomments&post=1983"}],"version-history":[{"count":3,"href":"https:\/\/iesolajara.es\/index.php?rest_route=\/wp\/v2\/posts\/1983\/revisions"}],"predecessor-version":[{"id":1995,"href":"https:\/\/iesolajara.es\/index.php?rest_route=\/wp\/v2\/posts\/1983\/revisions\/1995"}],"wp:featuredmedia":[{"embeddable":true,"href":"https:\/\/iesolajara.es\/index.php?rest_route=\/wp\/v2\/media\/1770"}],"wp:attachment":[{"href":"https:\/\/iesolajara.es\/index.php?rest_route=%2Fwp%2Fv2%2Fmedia&parent=1983"}],"wp:term":[{"taxonomy":"category","embeddable":true,"href":"https:\/\/iesolajara.es\/index.php?rest_route=%2Fwp%2Fv2%2Fcategories&post=1983"},{"taxonomy":"post_tag","embeddable":true,"href":"https:\/\/iesolajara.es\/index.php?rest_route=%2Fwp%2Fv2%2Ftags&post=1983"}],"curies":[{"name":"wp","href":"https:\/\/api.w.org\/{rel}","templated":true}]}}