{"id":1611,"date":"2019-05-07T09:59:38","date_gmt":"2019-05-07T09:59:38","guid":{"rendered":"http:\/\/iesolajara.es\/?p=1611"},"modified":"2019-05-07T10:04:48","modified_gmt":"2019-05-07T10:04:48","slug":"deportista-del-dia-daniel","status":"publish","type":"post","link":"https:\/\/iesolajara.es\/?p=1611","title":{"rendered":"Deportista del d\u00eda: Daniel"},"content":{"rendered":"\n<p>Inaguramos una nueva secci\u00f3n en nuestra web, en la que vamos a entrevistar a alumnos, profesores u otras personas acerca de sus h\u00e1bitos deportivos y de alimentaci\u00f3n. \u00a1Descubriremos cosas de los dem\u00e1s que jam\u00e1s habr\u00edas pensado!<\/p>\n\n\n\n<p>Empezamos con la encuesta a nuestro alumno de 4\u00baESO Daniel Bernardo, entrevistado por su compa\u00f1ero Berto Garc\u00eda, veamos a ver qu\u00e9 responde:<\/p>\n\n\n\n<p><strong>Berto:<\/strong> \u00bfRealizas alg\u00fan tipo de actividad f\u00edsica en tu vida diaria?<br><strong>Dani:<\/strong> S\u00ed, dos veces por semana hago f\u00fatbol y otros dos d\u00edas suelo ir al gimnasio<\/p>\n\n\n\n<p><strong>Berto:<\/strong> \u00bfPracticas solo, en equipo, en familia&#8230;?<br><strong>Dani:<\/strong> El f\u00fatbol lo practico en equipo, y en el gimnasio suelo ir con un amigo.<\/p>\n\n\n\n<p><strong>Berto:<\/strong> \u00bfQu\u00e9 actividad tienes en mente, te hubiera gustado realizar o piensas practicar en un futuro?<br><strong>Dani:<\/strong> La verdad es que me gustar\u00eda hacer m\u00e1s bicicleta o incluso hacer de vez en cuando un poco de nataci\u00f3n.<\/p>\n\n\n\n<p><strong>Berto:<\/strong> \u00bfRealizas actividades espec\u00edficas en temporadas de verano o invierno?<br><strong>Dani:<\/strong> En verano voy a la piscina cuando no hay mucha gente para nadar.<\/p>\n\n\n\n<p><strong>Berto:<\/strong> Cu\u00e9ntanos sobre tus h\u00e1bitos alimenticios, \u00bfcuidas tu dieta?<br><strong>Dani:<\/strong> Suelo comer diferentes tipos de comida para no abusar de nada, pero es cierto que no como mucha verdura, y a veces ceno demasiado.<\/p>\n\n\n\n<p><strong>Berto:<\/strong> \u00bfFrecuentas franquicias o restaurantes de comida r\u00e1pida?<br><strong>Dani:<\/strong> No, debido a que en mi pueblo no hay ninguno y solo los visito muy de vez en cuando, al ir a ciudades como Albacete.<\/p>\n\n\n\n<p><strong>Berto:<\/strong> \u00bfConsideras que tu descanso a nivel de sue\u00f1o es suficiente?<br><strong>Dani:<\/strong> Si, excepto cuando hay ex\u00e1menes, que suelo acostarme m\u00e1s tarde.<\/p>\n\n\n\n<p><strong>Berto:<\/strong> \u00bfUtilizas alg\u00fan dispositivo de apoyo que cuantifique tu actividad f\u00edsica (aplicaci\u00f3n m\u00f3vil, reloj deportivo, GPS, etc.)?<br><strong>Dani:<\/strong> Lo \u00fanico que llevo es un reloj que me contabiliza los pasos y las puntuaciones.<\/p>\n\n\n\n<p>Bueno, y eso ha sido todo por hoy. Gracias a nuestro entrevistado y a nuestro entrevistador, y \u00a1hasta la pr\u00f3xima entrevista!<\/p>\n","protected":false},"excerpt":{"rendered":"<div class=\"mh-excerpt\"><p>Inaguramos una nueva secci\u00f3n en nuestra web, en la que vamos a entrevistar a alumnos, profesores u otras personas acerca de sus h\u00e1bitos deportivos y <a class=\"mh-excerpt-more\" href=\"https:\/\/iesolajara.es\/?p=1611\" title=\"Deportista del d\u00eda: Daniel\">[&#8230;]<\/a><\/p>\n<\/div>","protected":false},"author":1,"featured_media":1614,"comment_status":"open","ping_status":"open","sticky":false,"template":"","format":"standard","meta":{"footnotes":""},"categories":[8],"tags":[52,53],"class_list":["post-1611","post","type-post","status-publish","format-standard","has-post-thumbnail","hentry","category-proyecto-escolar-saludable","tag-entrevista","tag-habitos-saludables"],"_links":{"self":[{"href":"https:\/\/iesolajara.es\/index.php?rest_route=\/wp\/v2\/posts\/1611","targetHints":{"allow":["GET"]}}],"collection":[{"href":"https:\/\/iesolajara.es\/index.php?rest_route=\/wp\/v2\/posts"}],"about":[{"href":"https:\/\/iesolajara.es\/index.php?rest_route=\/wp\/v2\/types\/post"}],"author":[{"embeddable":true,"href":"https:\/\/iesolajara.es\/index.php?rest_route=\/wp\/v2\/users\/1"}],"replies":[{"embeddable":true,"href":"https:\/\/iesolajara.es\/index.php?rest_route=%2Fwp%2Fv2%2Fcomments&post=1611"}],"version-history":[{"count":1,"href":"https:\/\/iesolajara.es\/index.php?rest_route=\/wp\/v2\/posts\/1611\/revisions"}],"predecessor-version":[{"id":1613,"href":"https:\/\/iesolajara.es\/index.php?rest_route=\/wp\/v2\/posts\/1611\/revisions\/1613"}],"wp:featuredmedia":[{"embeddable":true,"href":"https:\/\/iesolajara.es\/index.php?rest_route=\/wp\/v2\/media\/1614"}],"wp:attachment":[{"href":"https:\/\/iesolajara.es\/index.php?rest_route=%2Fwp%2Fv2%2Fmedia&parent=1611"}],"wp:term":[{"taxonomy":"category","embeddable":true,"href":"https:\/\/iesolajara.es\/index.php?rest_route=%2Fwp%2Fv2%2Fcategories&post=1611"},{"taxonomy":"post_tag","embeddable":true,"href":"https:\/\/iesolajara.es\/index.php?rest_route=%2Fwp%2Fv2%2Ftags&post=1611"}],"curies":[{"name":"wp","href":"https:\/\/api.w.org\/{rel}","templated":true}]}}