{"id":1595,"date":"2019-05-01T16:57:33","date_gmt":"2019-05-01T16:57:33","guid":{"rendered":"http:\/\/iesolajara.es\/?p=1595"},"modified":"2019-05-01T17:00:52","modified_gmt":"2019-05-01T17:00:52","slug":"raid-orientacion-en-alarcon","status":"publish","type":"post","link":"https:\/\/iesolajara.es\/?p=1595","title":{"rendered":"Raid Orientaci\u00f3n en Alarc\u00f3n"},"content":{"rendered":"\n<p>El Club de Orientaci\u00f3n ORIENQUIJOTE una\nvez m\u00e1s nos ofrece la trepidante carrera en las inmediaciones del parque\nnatural de Alarc\u00f3n.&nbsp; Con m\u00e1s de 200\nparticipantes, es un orgullo decir que siempre tenemos a alumnos del instituto\nen p\u00f3dium. Tras dos horas de carrera y 22 balizas escondidas,&nbsp; obtenemos el resultado deseado: en categor\u00eda\nmasculina V\u00edctor Aroca y Javi Pardo bronce, en categor\u00eda mixta Roc\u00edo Collado,\nSonia Fi\u00e9rrez y Fabrizio \u00c1valos tambi\u00e9n tercer puesto, por Equipos medalla de\noro y categor\u00eda profesores V\u00edctor Manuel Fern\u00e1ndez y Juana Tornero plata.<\/p>\n\n\n\n<p>Sonia Fi\u00e9rrez queda clasificada para ir a\nlos campeonatos de Espa\u00f1a con la oportunidad de viajar a Estonia al mundial.\n\u00a1Vamos Sonia t\u00fa puedes!<\/p>\n\n\n\n<p>Mil gracias a todos y cada uno de los participantes, ha sido un resultado fant\u00e1stico, donde se muestra vuestra entrega y trabajo diario. Al Club Orienquijote, por luchar cada d\u00eda por este maravilloso deporte, y a mi compa\u00f1ero de carrera y director del centro, &nbsp;V\u00edctor Manuel, por tu buena estrategia y esp\u00edritu competitivo.<\/p>\n\n\n\n<figure class=\"wp-block-image\"><img loading=\"lazy\" decoding=\"async\" width=\"1024\" height=\"768\" src=\"http:\/\/iesolajara.es\/wp-content\/uploads\/2019\/05\/IMG_1610-1024x768.jpg\" alt=\"\" class=\"wp-image-1603\" srcset=\"https:\/\/iesolajara.es\/wp-content\/uploads\/2019\/05\/IMG_1610-1024x768.jpg 1024w, https:\/\/iesolajara.es\/wp-content\/uploads\/2019\/05\/IMG_1610-300x225.jpg 300w, https:\/\/iesolajara.es\/wp-content\/uploads\/2019\/05\/IMG_1610-768x576.jpg 768w, https:\/\/iesolajara.es\/wp-content\/uploads\/2019\/05\/IMG_1610-1536x1152.jpg 1536w, https:\/\/iesolajara.es\/wp-content\/uploads\/2019\/05\/IMG_1610-678x509.jpg 678w, https:\/\/iesolajara.es\/wp-content\/uploads\/2019\/05\/IMG_1610-326x245.jpg 326w, https:\/\/iesolajara.es\/wp-content\/uploads\/2019\/05\/IMG_1610-80x60.jpg 80w, https:\/\/iesolajara.es\/wp-content\/uploads\/2019\/05\/IMG_1610.jpg 2048w\" sizes=\"auto, (max-width: 1024px) 100vw, 1024px\" \/><\/figure>\n\n\n\n<figure class=\"wp-block-image\"><img loading=\"lazy\" decoding=\"async\" width=\"1024\" height=\"768\" src=\"http:\/\/iesolajara.es\/wp-content\/uploads\/2019\/05\/IMG_1608-1024x768.jpg\" alt=\"\" class=\"wp-image-1602\" srcset=\"https:\/\/iesolajara.es\/wp-content\/uploads\/2019\/05\/IMG_1608-1024x768.jpg 1024w, https:\/\/iesolajara.es\/wp-content\/uploads\/2019\/05\/IMG_1608-300x225.jpg 300w, https:\/\/iesolajara.es\/wp-content\/uploads\/2019\/05\/IMG_1608-768x576.jpg 768w, https:\/\/iesolajara.es\/wp-content\/uploads\/2019\/05\/IMG_1608-1536x1152.jpg 1536w, https:\/\/iesolajara.es\/wp-content\/uploads\/2019\/05\/IMG_1608-678x509.jpg 678w, https:\/\/iesolajara.es\/wp-content\/uploads\/2019\/05\/IMG_1608-326x245.jpg 326w, https:\/\/iesolajara.es\/wp-content\/uploads\/2019\/05\/IMG_1608-80x60.jpg 80w, https:\/\/iesolajara.es\/wp-content\/uploads\/2019\/05\/IMG_1608.jpg 2048w\" sizes=\"auto, (max-width: 1024px) 100vw, 1024px\" \/><\/figure>\n\n\n\n<figure class=\"wp-block-image\"><img loading=\"lazy\" decoding=\"async\" width=\"1024\" height=\"768\" src=\"http:\/\/iesolajara.es\/wp-content\/uploads\/2019\/05\/IMG_1590-e1556729592938-1024x768.jpg\" alt=\"\" class=\"wp-image-1600\" srcset=\"https:\/\/iesolajara.es\/wp-content\/uploads\/2019\/05\/IMG_1590-e1556729592938-1024x768.jpg 1024w, https:\/\/iesolajara.es\/wp-content\/uploads\/2019\/05\/IMG_1590-e1556729592938-300x225.jpg 300w, https:\/\/iesolajara.es\/wp-content\/uploads\/2019\/05\/IMG_1590-e1556729592938-768x576.jpg 768w, https:\/\/iesolajara.es\/wp-content\/uploads\/2019\/05\/IMG_1590-e1556729592938-678x509.jpg 678w, https:\/\/iesolajara.es\/wp-content\/uploads\/2019\/05\/IMG_1590-e1556729592938-326x245.jpg 326w, https:\/\/iesolajara.es\/wp-content\/uploads\/2019\/05\/IMG_1590-e1556729592938-80x60.jpg 80w, https:\/\/iesolajara.es\/wp-content\/uploads\/2019\/05\/IMG_1590-e1556729592938.jpg 1280w\" sizes=\"auto, (max-width: 1024px) 100vw, 1024px\" \/><\/figure>\n\n\n\n<figure class=\"wp-block-image\"><img decoding=\"async\" src=\"http:\/\/iesolajara.es\/wp-content\/uploads\/2019\/05\/3e5d294f-784c-4104-a96a-98c828e3450e-1024x768.jpg\" alt=\"\" class=\"wp-image-1605\" \/><\/figure>\n\n\n\n<figure class=\"wp-block-image\"><img decoding=\"async\" src=\"http:\/\/iesolajara.es\/wp-content\/uploads\/2019\/05\/ec736c4e-8303-4309-91ea-5a3abe31beae-1024x768.jpg\" alt=\"\" class=\"wp-image-1598\" \/><\/figure>\n","protected":false},"excerpt":{"rendered":"<div class=\"mh-excerpt\"><p>El Club de Orientaci\u00f3n ORIENQUIJOTE una vez m\u00e1s nos ofrece la trepidante carrera en las inmediaciones del parque natural de Alarc\u00f3n.&nbsp; Con m\u00e1s de 200 <a class=\"mh-excerpt-more\" href=\"https:\/\/iesolajara.es\/?p=1595\" title=\"Raid Orientaci\u00f3n en Alarc\u00f3n\">[&#8230;]<\/a><\/p>\n<\/div>","protected":false},"author":2,"featured_media":1599,"comment_status":"open","ping_status":"open","sticky":false,"template":"","format":"standard","meta":{"footnotes":""},"categories":[1],"tags":[],"class_list":["post-1595","post","type-post","status-publish","format-standard","has-post-thumbnail","hentry","category-general"],"_links":{"self":[{"href":"https:\/\/iesolajara.es\/index.php?rest_route=\/wp\/v2\/posts\/1595","targetHints":{"allow":["GET"]}}],"collection":[{"href":"https:\/\/iesolajara.es\/index.php?rest_route=\/wp\/v2\/posts"}],"about":[{"href":"https:\/\/iesolajara.es\/index.php?rest_route=\/wp\/v2\/types\/post"}],"author":[{"embeddable":true,"href":"https:\/\/iesolajara.es\/index.php?rest_route=\/wp\/v2\/users\/2"}],"replies":[{"embeddable":true,"href":"https:\/\/iesolajara.es\/index.php?rest_route=%2Fwp%2Fv2%2Fcomments&post=1595"}],"version-history":[{"count":2,"href":"https:\/\/iesolajara.es\/index.php?rest_route=\/wp\/v2\/posts\/1595\/revisions"}],"predecessor-version":[{"id":1606,"href":"https:\/\/iesolajara.es\/index.php?rest_route=\/wp\/v2\/posts\/1595\/revisions\/1606"}],"wp:featuredmedia":[{"embeddable":true,"href":"https:\/\/iesolajara.es\/index.php?rest_route=\/wp\/v2\/media\/1599"}],"wp:attachment":[{"href":"https:\/\/iesolajara.es\/index.php?rest_route=%2Fwp%2Fv2%2Fmedia&parent=1595"}],"wp:term":[{"taxonomy":"category","embeddable":true,"href":"https:\/\/iesolajara.es\/index.php?rest_route=%2Fwp%2Fv2%2Fcategories&post=1595"},{"taxonomy":"post_tag","embeddable":true,"href":"https:\/\/iesolajara.es\/index.php?rest_route=%2Fwp%2Fv2%2Ftags&post=1595"}],"curies":[{"name":"wp","href":"https:\/\/api.w.org\/{rel}","templated":true}]}}