{"id":1502,"date":"2019-03-25T17:14:47","date_gmt":"2019-03-25T17:14:47","guid":{"rendered":"http:\/\/iesolajara.es\/?p=1502"},"modified":"2019-03-25T17:14:49","modified_gmt":"2019-03-25T17:14:49","slug":"suenos-con-alas","status":"publish","type":"post","link":"https:\/\/iesolajara.es\/?p=1502","title":{"rendered":"Sue\u00f1os con alas"},"content":{"rendered":"\n<p style=\"text-align:left\"><em>Sue\u00f1os con alas<\/em> es\nuna exposici\u00f3n colectiva donde los alumnos de la asignatura de Taller de Arte y\nExpresi\u00f3n de 2\u00ba de E.S.O han debatido sobre la importancia de luchar por los\nsue\u00f1os, pues consideran que no hay l\u00edmites y que llegar lejos es posible.<\/p>\n\n\n\n<ul class=\"wp-block-gallery aligncenter columns-2 wp-block-gallery-1 is-layout-flex wp-block-gallery-is-layout-flex\"><li class=\"blocks-gallery-item\"><figure><img loading=\"lazy\" decoding=\"async\" width=\"759\" height=\"1024\" src=\"http:\/\/iesolajara.es\/wp-content\/uploads\/2019\/03\/P90319-124915-759x1024.jpg\" alt=\"\" data-id=\"1504\" data-link=\"http:\/\/iesolajara.es\/?attachment_id=1504\" class=\"wp-image-1504\" srcset=\"https:\/\/iesolajara.es\/wp-content\/uploads\/2019\/03\/P90319-124915-759x1024.jpg 759w, https:\/\/iesolajara.es\/wp-content\/uploads\/2019\/03\/P90319-124915-222x300.jpg 222w, https:\/\/iesolajara.es\/wp-content\/uploads\/2019\/03\/P90319-124915-768x1036.jpg 768w, https:\/\/iesolajara.es\/wp-content\/uploads\/2019\/03\/P90319-124915-1139x1536.jpg 1139w, https:\/\/iesolajara.es\/wp-content\/uploads\/2019\/03\/P90319-124915.jpg 1518w\" sizes=\"auto, (max-width: 759px) 100vw, 759px\" \/><figcaption>Fase de montaje de la obra art\u00edstica<\/figcaption><\/figure><\/li><li class=\"blocks-gallery-item\"><figure><img loading=\"lazy\" decoding=\"async\" width=\"759\" height=\"1024\" src=\"http:\/\/iesolajara.es\/wp-content\/uploads\/2019\/03\/P90319-132541-759x1024.jpg\" alt=\"\" data-id=\"1505\" data-link=\"http:\/\/iesolajara.es\/?attachment_id=1505\" class=\"wp-image-1505\" srcset=\"https:\/\/iesolajara.es\/wp-content\/uploads\/2019\/03\/P90319-132541-759x1024.jpg 759w, https:\/\/iesolajara.es\/wp-content\/uploads\/2019\/03\/P90319-132541-222x300.jpg 222w, https:\/\/iesolajara.es\/wp-content\/uploads\/2019\/03\/P90319-132541-768x1036.jpg 768w, https:\/\/iesolajara.es\/wp-content\/uploads\/2019\/03\/P90319-132541-1139x1536.jpg 1139w, https:\/\/iesolajara.es\/wp-content\/uploads\/2019\/03\/P90319-132541.jpg 1518w\" sizes=\"auto, (max-width: 759px) 100vw, 759px\" \/><\/figure><\/li><\/ul>\n\n\n\n<p>Este trabajo bajo la t\u00e9cnica de <em>Instalaci\u00f3n Art\u00edstica<\/em> sirve como terapia para motivar al alumnado y hacerles ver que ser\u00e1n capaces de conseguir todo lo que se propongan con esfuerzo. \u00a1Enhorabuena chic@s, hab\u00e9is contagiado al instituto con vuestras ganas de volar y llegar alto!<\/p>\n\n\n\n<div class=\"wp-block-image\"><figure class=\"aligncenter\"><img loading=\"lazy\" decoding=\"async\" width=\"759\" height=\"1024\" src=\"http:\/\/iesolajara.es\/wp-content\/uploads\/2019\/03\/P90319-1432061-759x1024.jpg\" alt=\"\" class=\"wp-image-1506\" srcset=\"https:\/\/iesolajara.es\/wp-content\/uploads\/2019\/03\/P90319-1432061-759x1024.jpg 759w, https:\/\/iesolajara.es\/wp-content\/uploads\/2019\/03\/P90319-1432061-222x300.jpg 222w, https:\/\/iesolajara.es\/wp-content\/uploads\/2019\/03\/P90319-1432061-768x1036.jpg 768w, https:\/\/iesolajara.es\/wp-content\/uploads\/2019\/03\/P90319-1432061-1139x1536.jpg 1139w, https:\/\/iesolajara.es\/wp-content\/uploads\/2019\/03\/P90319-1432061.jpg 1518w\" sizes=\"auto, (max-width: 759px) 100vw, 759px\" \/><\/figure><\/div>\n\n\n\n<div class=\"wp-block-image\"><figure class=\"aligncenter\"><img loading=\"lazy\" decoding=\"async\" width=\"1024\" height=\"759\" src=\"http:\/\/iesolajara.es\/wp-content\/uploads\/2019\/03\/P90319-143111-1024x759.jpg\" alt=\"\" class=\"wp-image-1507\" srcset=\"https:\/\/iesolajara.es\/wp-content\/uploads\/2019\/03\/P90319-143111-1024x759.jpg 1024w, https:\/\/iesolajara.es\/wp-content\/uploads\/2019\/03\/P90319-143111-300x222.jpg 300w, https:\/\/iesolajara.es\/wp-content\/uploads\/2019\/03\/P90319-143111-768x569.jpg 768w, https:\/\/iesolajara.es\/wp-content\/uploads\/2019\/03\/P90319-143111-1536x1139.jpg 1536w, https:\/\/iesolajara.es\/wp-content\/uploads\/2019\/03\/P90319-143111-80x60.jpg 80w, https:\/\/iesolajara.es\/wp-content\/uploads\/2019\/03\/P90319-143111.jpg 2048w\" sizes=\"auto, (max-width: 1024px) 100vw, 1024px\" \/><\/figure><\/div>\n\n\n\n<div class=\"wp-block-image\"><figure class=\"aligncenter\"><img loading=\"lazy\" decoding=\"async\" width=\"759\" height=\"1024\" src=\"http:\/\/iesolajara.es\/wp-content\/uploads\/2019\/03\/P90319-143118-759x1024.jpg\" alt=\"\" class=\"wp-image-1508\" srcset=\"https:\/\/iesolajara.es\/wp-content\/uploads\/2019\/03\/P90319-143118-759x1024.jpg 759w, https:\/\/iesolajara.es\/wp-content\/uploads\/2019\/03\/P90319-143118-222x300.jpg 222w, https:\/\/iesolajara.es\/wp-content\/uploads\/2019\/03\/P90319-143118-768x1036.jpg 768w, https:\/\/iesolajara.es\/wp-content\/uploads\/2019\/03\/P90319-143118-1139x1536.jpg 1139w, https:\/\/iesolajara.es\/wp-content\/uploads\/2019\/03\/P90319-143118.jpg 1518w\" sizes=\"auto, (max-width: 759px) 100vw, 759px\" \/><\/figure><\/div>\n","protected":false},"excerpt":{"rendered":"<div class=\"mh-excerpt\"><p>Sue\u00f1os con alas es una exposici\u00f3n colectiva donde los alumnos de la asignatura de Taller de Arte y Expresi\u00f3n de 2\u00ba de E.S.O han debatido <a class=\"mh-excerpt-more\" href=\"https:\/\/iesolajara.es\/?p=1502\" title=\"Sue\u00f1os con alas\">[&#8230;]<\/a><\/p>\n<\/div>","protected":false},"author":1,"featured_media":1509,"comment_status":"open","ping_status":"open","sticky":false,"template":"","format":"standard","meta":{"footnotes":""},"categories":[1],"tags":[],"class_list":["post-1502","post","type-post","status-publish","format-standard","has-post-thumbnail","hentry","category-general"],"_links":{"self":[{"href":"https:\/\/iesolajara.es\/index.php?rest_route=\/wp\/v2\/posts\/1502","targetHints":{"allow":["GET"]}}],"collection":[{"href":"https:\/\/iesolajara.es\/index.php?rest_route=\/wp\/v2\/posts"}],"about":[{"href":"https:\/\/iesolajara.es\/index.php?rest_route=\/wp\/v2\/types\/post"}],"author":[{"embeddable":true,"href":"https:\/\/iesolajara.es\/index.php?rest_route=\/wp\/v2\/users\/1"}],"replies":[{"embeddable":true,"href":"https:\/\/iesolajara.es\/index.php?rest_route=%2Fwp%2Fv2%2Fcomments&post=1502"}],"version-history":[{"count":1,"href":"https:\/\/iesolajara.es\/index.php?rest_route=\/wp\/v2\/posts\/1502\/revisions"}],"predecessor-version":[{"id":1510,"href":"https:\/\/iesolajara.es\/index.php?rest_route=\/wp\/v2\/posts\/1502\/revisions\/1510"}],"wp:featuredmedia":[{"embeddable":true,"href":"https:\/\/iesolajara.es\/index.php?rest_route=\/wp\/v2\/media\/1509"}],"wp:attachment":[{"href":"https:\/\/iesolajara.es\/index.php?rest_route=%2Fwp%2Fv2%2Fmedia&parent=1502"}],"wp:term":[{"taxonomy":"category","embeddable":true,"href":"https:\/\/iesolajara.es\/index.php?rest_route=%2Fwp%2Fv2%2Fcategories&post=1502"},{"taxonomy":"post_tag","embeddable":true,"href":"https:\/\/iesolajara.es\/index.php?rest_route=%2Fwp%2Fv2%2Ftags&post=1502"}],"curies":[{"name":"wp","href":"https:\/\/api.w.org\/{rel}","templated":true}]}}