{"id":1462,"date":"2019-03-18T18:05:49","date_gmt":"2019-03-18T18:05:49","guid":{"rendered":"http:\/\/iesolajara.es\/?p=1462"},"modified":"2019-03-18T18:26:36","modified_gmt":"2019-03-18T18:26:36","slug":"explicando-la-teoria-del-color-desde-otro-enfoque","status":"publish","type":"post","link":"https:\/\/iesolajara.es\/?p=1462","title":{"rendered":"EXPLICANDO LA TEOR\u00cdA DEL COLOR DESDE OTRO ENFOQUE"},"content":{"rendered":"\n<p>Los alumn@s de la asignatura de\nEducaci\u00f3n Pl\u00e1stica, Visual y Audiovisual, han querido trabajar la unidad del\nColor desde los medios audiovisuales, elaborando cortometrajes que expliquen la\nteor\u00eda de una manera m\u00e1s interactiva y din\u00e1mica.<\/p>\n\n\n\n<p>Aqu\u00ed tenemos los cortometrajes\nque han grabado y editado:<\/p>\n\n\n\n<figure class=\"wp-block-video aligncenter\"><video controls src=\"http:\/\/iesolajara.es\/wp-content\/uploads\/2019\/03\/e6907cca-b54c-4fa1-a913-4ccebeab2ecd.mp4\"><\/video><figcaption>\u00c1NGELA GRACIA<br>EVA FR\u00cdA<br>MAR\u00cdA P\u00c9REZ<br>FABRICIO MEAURIO<br>BEL\u00c9N CANO<\/figcaption><\/figure>\n\n\n\n<figure class=\"wp-block-video aligncenter\"><video controls src=\"http:\/\/iesolajara.es\/wp-content\/uploads\/2019\/03\/VID-20190311-WA0052.mp4\"><\/video><figcaption>EVA VILLARTA<br>IRATXE MELGOSO<br>H\u00c9CTOR G\u00d3MEZ<\/figcaption><\/figure>\n\n\n\n<figure class=\"wp-block-video aligncenter\"><video controls src=\"http:\/\/iesolajara.es\/wp-content\/uploads\/2019\/03\/VID-20190318-WA0033.mp4\"><\/video><figcaption>CRISTINA LE\u00d3N CUESTA<br>NAIARA PICAZO LE\u00d3N<br>MIGUEL PICAZO LE\u00d3N<br>REBECA STANCIU<\/figcaption><\/figure>\n\n\n\n<figure class=\"wp-block-video\"><video controls preload=\"auto\" src=\"http:\/\/iesolajara.es\/f955ebbb-025e-4171-b89e-02e2a1918ab8\"><\/video><figcaption> <br>TANIA LERMA PARDO<br>CARLA PERAILE FI\u00c9RREZ<br>TERESA COLLADO PERAILE<br>MARIO GONZ\u00c1LEZ RUPI\u00c9REZ<br>NATALIA L\u00d3PEZ COLLADO <\/figcaption><\/figure>\n","protected":false},"excerpt":{"rendered":"<div class=\"mh-excerpt\"><p>Los alumn@s de la asignatura de Educaci\u00f3n Pl\u00e1stica, Visual y Audiovisual, han querido trabajar la unidad del Color desde los medios audiovisuales, elaborando cortometrajes que <a class=\"mh-excerpt-more\" href=\"https:\/\/iesolajara.es\/?p=1462\" title=\"EXPLICANDO LA TEOR\u00cdA DEL COLOR DESDE OTRO ENFOQUE\">[&#8230;]<\/a><\/p>\n<\/div>","protected":false},"author":1,"featured_media":1469,"comment_status":"open","ping_status":"open","sticky":false,"template":"","format":"standard","meta":{"footnotes":""},"categories":[1],"tags":[],"class_list":["post-1462","post","type-post","status-publish","format-standard","has-post-thumbnail","hentry","category-general"],"_links":{"self":[{"href":"https:\/\/iesolajara.es\/index.php?rest_route=\/wp\/v2\/posts\/1462","targetHints":{"allow":["GET"]}}],"collection":[{"href":"https:\/\/iesolajara.es\/index.php?rest_route=\/wp\/v2\/posts"}],"about":[{"href":"https:\/\/iesolajara.es\/index.php?rest_route=\/wp\/v2\/types\/post"}],"author":[{"embeddable":true,"href":"https:\/\/iesolajara.es\/index.php?rest_route=\/wp\/v2\/users\/1"}],"replies":[{"embeddable":true,"href":"https:\/\/iesolajara.es\/index.php?rest_route=%2Fwp%2Fv2%2Fcomments&post=1462"}],"version-history":[{"count":10,"href":"https:\/\/iesolajara.es\/index.php?rest_route=\/wp\/v2\/posts\/1462\/revisions"}],"predecessor-version":[{"id":1492,"href":"https:\/\/iesolajara.es\/index.php?rest_route=\/wp\/v2\/posts\/1462\/revisions\/1492"}],"wp:featuredmedia":[{"embeddable":true,"href":"https:\/\/iesolajara.es\/index.php?rest_route=\/wp\/v2\/media\/1469"}],"wp:attachment":[{"href":"https:\/\/iesolajara.es\/index.php?rest_route=%2Fwp%2Fv2%2Fmedia&parent=1462"}],"wp:term":[{"taxonomy":"category","embeddable":true,"href":"https:\/\/iesolajara.es\/index.php?rest_route=%2Fwp%2Fv2%2Fcategories&post=1462"},{"taxonomy":"post_tag","embeddable":true,"href":"https:\/\/iesolajara.es\/index.php?rest_route=%2Fwp%2Fv2%2Ftags&post=1462"}],"curies":[{"name":"wp","href":"https:\/\/api.w.org\/{rel}","templated":true}]}}