{"id":1369,"date":"2019-03-18T17:02:00","date_gmt":"2019-03-18T17:02:00","guid":{"rendered":"http:\/\/iesolajara.es\/?p=1369"},"modified":"2019-03-18T17:50:23","modified_gmt":"2019-03-18T17:50:23","slug":"concurso-de-fotografias-4o-e-s-o","status":"publish","type":"post","link":"https:\/\/iesolajara.es\/?p=1369","title":{"rendered":"CONCURSO DE FOTOGRAF\u00cdAS 4\u00ba E.S.O"},"content":{"rendered":"\n<p>Los alumn@s matriculados en la asignatura de <strong>Educaci\u00f3n Pl\u00e1stica, Visual y Audiovisual,<\/strong> durante el segundo trimestre y aprovechando el estudio del tema de la <em>composici\u00f3n<\/em>, se animaron a salir a la calle y explotar desde la fotograf\u00eda todas las leyes compositivas que hab\u00edan estudiado en la unidad.<\/p>\n\n\n\n<p><em><strong>Puntos de vista<\/strong><\/em>, es una exposici\u00f3n dedicada exclusivamente a la b\u00fasqueda de un enfoque propio de la fotograf\u00eda, pasando por aspectos tan relevantes de composici\u00f3n como el equilibrio, el centro de inter\u00e9s o la proporci\u00f3n.<\/p>\n\n\n\n<p>En este trabajo que presentaron y que se llev\u00f3 a concurso, se entiende la fotograf\u00eda como el medio adecuado para recrear emociones, pues ofrece una variedad infinita de \u00ab<em>formas de mirar<\/em>\u00bb un mismo objeto, pues al fin y al cabo, consideran que todo depende del ojo que mira.<\/p>\n\n\n\n<p>A continuaci\u00f3n se muestra el trabajo que realizaron los siguientes alumnos:<\/p>\n\n\n\n<div class=\"wp-block-image\"><figure class=\"aligncenter\"><img loading=\"lazy\" decoding=\"async\" width=\"1024\" height=\"683\" src=\"http:\/\/iesolajara.es\/wp-content\/uploads\/2019\/03\/tania-2-1-1024x683.jpg\" alt=\"\" class=\"wp-image-1453\" srcset=\"https:\/\/iesolajara.es\/wp-content\/uploads\/2019\/03\/tania-2-1-1024x683.jpg 1024w, https:\/\/iesolajara.es\/wp-content\/uploads\/2019\/03\/tania-2-1-300x200.jpg 300w, https:\/\/iesolajara.es\/wp-content\/uploads\/2019\/03\/tania-2-1-768x512.jpg 768w, https:\/\/iesolajara.es\/wp-content\/uploads\/2019\/03\/tania-2-1-1536x1024.jpg 1536w, https:\/\/iesolajara.es\/wp-content\/uploads\/2019\/03\/tania-2-1.jpg 2048w\" sizes=\"auto, (max-width: 1024px) 100vw, 1024px\" \/><figcaption><br><strong>1\u00ba PREMIO<\/strong><br>TANIA LERMA PARDO<\/figcaption><\/figure><\/div>\n\n\n\n<div class=\"wp-block-image\"><figure class=\"aligncenter\"><img loading=\"lazy\" decoding=\"async\" width=\"1024\" height=\"683\" src=\"http:\/\/iesolajara.es\/wp-content\/uploads\/2019\/03\/belen-3-1024x683.jpg\" alt=\"\" class=\"wp-image-1455\" srcset=\"https:\/\/iesolajara.es\/wp-content\/uploads\/2019\/03\/belen-3-1024x683.jpg 1024w, https:\/\/iesolajara.es\/wp-content\/uploads\/2019\/03\/belen-3-300x200.jpg 300w, https:\/\/iesolajara.es\/wp-content\/uploads\/2019\/03\/belen-3-768x512.jpg 768w, https:\/\/iesolajara.es\/wp-content\/uploads\/2019\/03\/belen-3-1536x1024.jpg 1536w, https:\/\/iesolajara.es\/wp-content\/uploads\/2019\/03\/belen-3.jpg 2048w\" sizes=\"auto, (max-width: 1024px) 100vw, 1024px\" \/><figcaption><strong>2\u00ba PREMIO<\/strong><br>BEL\u00c9N CANO FIERREZ<\/figcaption><\/figure><\/div>\n\n\n\n<div class=\"wp-block-image\"><figure class=\"aligncenter\"><img loading=\"lazy\" decoding=\"async\" width=\"683\" height=\"1024\" src=\"http:\/\/iesolajara.es\/wp-content\/uploads\/2019\/03\/mafer-2-683x1024.jpg\" alt=\"\" class=\"wp-image-1456\" srcset=\"https:\/\/iesolajara.es\/wp-content\/uploads\/2019\/03\/mafer-2-683x1024.jpg 683w, https:\/\/iesolajara.es\/wp-content\/uploads\/2019\/03\/mafer-2-200x300.jpg 200w, https:\/\/iesolajara.es\/wp-content\/uploads\/2019\/03\/mafer-2-768x1152.jpg 768w, https:\/\/iesolajara.es\/wp-content\/uploads\/2019\/03\/mafer-2-1024x1536.jpg 1024w, https:\/\/iesolajara.es\/wp-content\/uploads\/2019\/03\/mafer-2.jpg 1365w\" sizes=\"auto, (max-width: 683px) 100vw, 683px\" \/><figcaption><strong>3\u00ba PREMIO<\/strong><br>MAR\u00cdA FERNANDA QUI\u00d1\u00d3NEZ FIGUEROA<\/figcaption><\/figure><\/div>\n\n\n\n<div class=\"wp-block-image\"><figure class=\"aligncenter\"><img loading=\"lazy\" decoding=\"async\" width=\"300\" height=\"223\" src=\"http:\/\/iesolajara.es\/wp-content\/uploads\/2019\/03\/WhatsApp-Image-2019-03-18-at-17.35.21-1-300x223.jpeg\" alt=\"\" class=\"wp-image-1457\" srcset=\"https:\/\/iesolajara.es\/wp-content\/uploads\/2019\/03\/WhatsApp-Image-2019-03-18-at-17.35.21-1-300x223.jpeg 300w, https:\/\/iesolajara.es\/wp-content\/uploads\/2019\/03\/WhatsApp-Image-2019-03-18-at-17.35.21-1-768x570.jpeg 768w, https:\/\/iesolajara.es\/wp-content\/uploads\/2019\/03\/WhatsApp-Image-2019-03-18-at-17.35.21-1-1024x760.jpeg 1024w, https:\/\/iesolajara.es\/wp-content\/uploads\/2019\/03\/WhatsApp-Image-2019-03-18-at-17.35.21-1-80x60.jpeg 80w, https:\/\/iesolajara.es\/wp-content\/uploads\/2019\/03\/WhatsApp-Image-2019-03-18-at-17.35.21-1.jpeg 1599w\" sizes=\"auto, (max-width: 300px) 100vw, 300px\" \/><figcaption>GANADORA DEL 1\u00ba PREMIO<\/figcaption><\/figure><\/div>\n\n\n\n<div class=\"wp-block-image\"><figure class=\"aligncenter\"><img loading=\"lazy\" decoding=\"async\" width=\"300\" height=\"223\" src=\"http:\/\/iesolajara.es\/wp-content\/uploads\/2019\/03\/WhatsApp-Image-2019-03-18-at-17.35.21-300x223.jpeg\" alt=\"\" class=\"wp-image-1458\" srcset=\"https:\/\/iesolajara.es\/wp-content\/uploads\/2019\/03\/WhatsApp-Image-2019-03-18-at-17.35.21-300x223.jpeg 300w, https:\/\/iesolajara.es\/wp-content\/uploads\/2019\/03\/WhatsApp-Image-2019-03-18-at-17.35.21-1024x760.jpeg 1024w, https:\/\/iesolajara.es\/wp-content\/uploads\/2019\/03\/WhatsApp-Image-2019-03-18-at-17.35.21-768x570.jpeg 768w, https:\/\/iesolajara.es\/wp-content\/uploads\/2019\/03\/WhatsApp-Image-2019-03-18-at-17.35.21-1536x1139.jpeg 1536w, https:\/\/iesolajara.es\/wp-content\/uploads\/2019\/03\/WhatsApp-Image-2019-03-18-at-17.35.21-80x60.jpeg 80w, https:\/\/iesolajara.es\/wp-content\/uploads\/2019\/03\/WhatsApp-Image-2019-03-18-at-17.35.21.jpeg 1599w\" sizes=\"auto, (max-width: 300px) 100vw, 300px\" \/><figcaption>2\u00ba \/  1\u00ba  \/ 3\u00ba PREMIO<\/figcaption><\/figure><\/div>\n\n\n\n<div class=\"wp-block-image\"><figure class=\"aligncenter\"><img loading=\"lazy\" decoding=\"async\" width=\"200\" height=\"300\" src=\"http:\/\/iesolajara.es\/wp-content\/uploads\/2019\/03\/angela-1-200x300.jpg\" alt=\"\" class=\"wp-image-1370\" srcset=\"https:\/\/iesolajara.es\/wp-content\/uploads\/2019\/03\/angela-1-200x300.jpg 200w, https:\/\/iesolajara.es\/wp-content\/uploads\/2019\/03\/angela-1-683x1024.jpg 683w, https:\/\/iesolajara.es\/wp-content\/uploads\/2019\/03\/angela-1-768x1152.jpg 768w, https:\/\/iesolajara.es\/wp-content\/uploads\/2019\/03\/angela-1-1024x1536.jpg 1024w, https:\/\/iesolajara.es\/wp-content\/uploads\/2019\/03\/angela-1.jpg 1365w\" sizes=\"auto, (max-width: 200px) 100vw, 200px\" \/><figcaption>\u00c1NGELA GRACIA ZOME\u00d1O<\/figcaption><\/figure><\/div>\n\n\n\n<div class=\"wp-block-image\"><figure class=\"aligncenter\"><img loading=\"lazy\" decoding=\"async\" width=\"300\" height=\"200\" src=\"http:\/\/iesolajara.es\/wp-content\/uploads\/2019\/03\/angela-2-300x200.jpg\" alt=\"\" class=\"wp-image-1371\" srcset=\"https:\/\/iesolajara.es\/wp-content\/uploads\/2019\/03\/angela-2-300x200.jpg 300w, https:\/\/iesolajara.es\/wp-content\/uploads\/2019\/03\/angela-2-1024x683.jpg 1024w, https:\/\/iesolajara.es\/wp-content\/uploads\/2019\/03\/angela-2-768x512.jpg 768w, https:\/\/iesolajara.es\/wp-content\/uploads\/2019\/03\/angela-2-1536x1024.jpg 1536w, https:\/\/iesolajara.es\/wp-content\/uploads\/2019\/03\/angela-2.jpg 2048w\" sizes=\"auto, (max-width: 300px) 100vw, 300px\" \/><figcaption> <br>\u00c1NGELA GRACIA ZOME\u00d1O <\/figcaption><\/figure><\/div>\n\n\n\n<div class=\"wp-block-image\"><figure class=\"aligncenter\"><img loading=\"lazy\" decoding=\"async\" width=\"300\" height=\"200\" src=\"http:\/\/iesolajara.es\/wp-content\/uploads\/2019\/03\/angela-3-300x200.jpg\" alt=\"\" class=\"wp-image-1372\" srcset=\"https:\/\/iesolajara.es\/wp-content\/uploads\/2019\/03\/angela-3-300x200.jpg 300w, https:\/\/iesolajara.es\/wp-content\/uploads\/2019\/03\/angela-3-1024x683.jpg 1024w, https:\/\/iesolajara.es\/wp-content\/uploads\/2019\/03\/angela-3-768x512.jpg 768w, https:\/\/iesolajara.es\/wp-content\/uploads\/2019\/03\/angela-3-1536x1024.jpg 1536w, https:\/\/iesolajara.es\/wp-content\/uploads\/2019\/03\/angela-3.jpg 2048w\" sizes=\"auto, (max-width: 300px) 100vw, 300px\" \/><figcaption> <br>\u00c1NGELA GRACIA ZOME\u00d1O <\/figcaption><\/figure><\/div>\n\n\n\n<div class=\"wp-block-image\"><figure class=\"aligncenter\"><img loading=\"lazy\" decoding=\"async\" width=\"300\" height=\"200\" src=\"http:\/\/iesolajara.es\/wp-content\/uploads\/2019\/03\/belen-1-300x200.jpg\" alt=\"\" class=\"wp-image-1373\" srcset=\"https:\/\/iesolajara.es\/wp-content\/uploads\/2019\/03\/belen-1-300x200.jpg 300w, https:\/\/iesolajara.es\/wp-content\/uploads\/2019\/03\/belen-1-1024x683.jpg 1024w, https:\/\/iesolajara.es\/wp-content\/uploads\/2019\/03\/belen-1-768x512.jpg 768w, https:\/\/iesolajara.es\/wp-content\/uploads\/2019\/03\/belen-1-1536x1024.jpg 1536w, https:\/\/iesolajara.es\/wp-content\/uploads\/2019\/03\/belen-1.jpg 2048w\" sizes=\"auto, (max-width: 300px) 100vw, 300px\" \/><figcaption> <br>BEL\u00c9N CANO FIERREZ<\/figcaption><\/figure><\/div>\n\n\n\n<div class=\"wp-block-image\"><figure class=\"aligncenter\"><img loading=\"lazy\" decoding=\"async\" width=\"300\" height=\"200\" src=\"http:\/\/iesolajara.es\/wp-content\/uploads\/2019\/03\/belen-2-300x200.jpg\" alt=\"\" class=\"wp-image-1374\" srcset=\"https:\/\/iesolajara.es\/wp-content\/uploads\/2019\/03\/belen-2-300x200.jpg 300w, https:\/\/iesolajara.es\/wp-content\/uploads\/2019\/03\/belen-2-1024x683.jpg 1024w, https:\/\/iesolajara.es\/wp-content\/uploads\/2019\/03\/belen-2-768x512.jpg 768w, https:\/\/iesolajara.es\/wp-content\/uploads\/2019\/03\/belen-2-1536x1024.jpg 1536w, https:\/\/iesolajara.es\/wp-content\/uploads\/2019\/03\/belen-2.jpg 2048w\" sizes=\"auto, (max-width: 300px) 100vw, 300px\" \/><figcaption>BEL\u00c9N CANO FIERREZ<\/figcaption><\/figure><\/div>\n\n\n\n<div class=\"wp-block-image\"><figure class=\"aligncenter\"><img loading=\"lazy\" decoding=\"async\" width=\"300\" height=\"200\" src=\"http:\/\/iesolajara.es\/wp-content\/uploads\/2019\/03\/CARLA-1-300x200.jpg\" alt=\"\" class=\"wp-image-1375\" srcset=\"https:\/\/iesolajara.es\/wp-content\/uploads\/2019\/03\/CARLA-1-300x200.jpg 300w, https:\/\/iesolajara.es\/wp-content\/uploads\/2019\/03\/CARLA-1-1024x683.jpg 1024w, https:\/\/iesolajara.es\/wp-content\/uploads\/2019\/03\/CARLA-1-768x512.jpg 768w, https:\/\/iesolajara.es\/wp-content\/uploads\/2019\/03\/CARLA-1-1536x1024.jpg 1536w, https:\/\/iesolajara.es\/wp-content\/uploads\/2019\/03\/CARLA-1.jpg 2048w\" sizes=\"auto, (max-width: 300px) 100vw, 300px\" \/><figcaption>CARLA PERAILE FIERREZ<\/figcaption><\/figure><\/div>\n\n\n\n<div class=\"wp-block-image\"><figure class=\"aligncenter\"><img loading=\"lazy\" decoding=\"async\" width=\"300\" height=\"200\" src=\"http:\/\/iesolajara.es\/wp-content\/uploads\/2019\/03\/CARLA-2-300x200.jpg\" alt=\"\" class=\"wp-image-1376\" srcset=\"https:\/\/iesolajara.es\/wp-content\/uploads\/2019\/03\/CARLA-2-300x200.jpg 300w, https:\/\/iesolajara.es\/wp-content\/uploads\/2019\/03\/CARLA-2-1024x683.jpg 1024w, https:\/\/iesolajara.es\/wp-content\/uploads\/2019\/03\/CARLA-2-768x512.jpg 768w, https:\/\/iesolajara.es\/wp-content\/uploads\/2019\/03\/CARLA-2-1536x1024.jpg 1536w, https:\/\/iesolajara.es\/wp-content\/uploads\/2019\/03\/CARLA-2.jpg 2048w\" sizes=\"auto, (max-width: 300px) 100vw, 300px\" \/><figcaption> <br>CARLA PERAILE FIERREZ <\/figcaption><\/figure><\/div>\n\n\n\n<div class=\"wp-block-image\"><figure class=\"aligncenter\"><img loading=\"lazy\" decoding=\"async\" width=\"200\" height=\"300\" src=\"http:\/\/iesolajara.es\/wp-content\/uploads\/2019\/03\/cristina-1-200x300.jpg\" alt=\"\" class=\"wp-image-1377\" srcset=\"https:\/\/iesolajara.es\/wp-content\/uploads\/2019\/03\/cristina-1-200x300.jpg 200w, https:\/\/iesolajara.es\/wp-content\/uploads\/2019\/03\/cristina-1-683x1024.jpg 683w, https:\/\/iesolajara.es\/wp-content\/uploads\/2019\/03\/cristina-1-768x1152.jpg 768w, https:\/\/iesolajara.es\/wp-content\/uploads\/2019\/03\/cristina-1-1024x1536.jpg 1024w, https:\/\/iesolajara.es\/wp-content\/uploads\/2019\/03\/cristina-1.jpg 1365w\" sizes=\"auto, (max-width: 200px) 100vw, 200px\" \/><figcaption>CRISTINA LE\u00d3N CUESTA<\/figcaption><\/figure><\/div>\n\n\n\n<div class=\"wp-block-image\"><figure class=\"aligncenter\"><img loading=\"lazy\" decoding=\"async\" width=\"300\" height=\"200\" src=\"http:\/\/iesolajara.es\/wp-content\/uploads\/2019\/03\/cristina-2-300x200.jpg\" alt=\"\" class=\"wp-image-1378\" srcset=\"https:\/\/iesolajara.es\/wp-content\/uploads\/2019\/03\/cristina-2-300x200.jpg 300w, https:\/\/iesolajara.es\/wp-content\/uploads\/2019\/03\/cristina-2-1024x683.jpg 1024w, https:\/\/iesolajara.es\/wp-content\/uploads\/2019\/03\/cristina-2-768x512.jpg 768w, https:\/\/iesolajara.es\/wp-content\/uploads\/2019\/03\/cristina-2-1536x1024.jpg 1536w, https:\/\/iesolajara.es\/wp-content\/uploads\/2019\/03\/cristina-2.jpg 2048w\" sizes=\"auto, (max-width: 300px) 100vw, 300px\" \/><figcaption>CRISTINA LE\u00d3N CUESTA<\/figcaption><\/figure><\/div>\n\n\n\n<div class=\"wp-block-image\"><figure class=\"aligncenter\"><img loading=\"lazy\" decoding=\"async\" width=\"300\" height=\"200\" src=\"http:\/\/iesolajara.es\/wp-content\/uploads\/2019\/03\/EVA-QUI-2-300x200.jpg\" alt=\"\" class=\"wp-image-1380\" srcset=\"https:\/\/iesolajara.es\/wp-content\/uploads\/2019\/03\/EVA-QUI-2-300x200.jpg 300w, https:\/\/iesolajara.es\/wp-content\/uploads\/2019\/03\/EVA-QUI-2-1024x683.jpg 1024w, https:\/\/iesolajara.es\/wp-content\/uploads\/2019\/03\/EVA-QUI-2-768x512.jpg 768w, https:\/\/iesolajara.es\/wp-content\/uploads\/2019\/03\/EVA-QUI-2-1536x1024.jpg 1536w, https:\/\/iesolajara.es\/wp-content\/uploads\/2019\/03\/EVA-QUI-2.jpg 2048w\" sizes=\"auto, (max-width: 300px) 100vw, 300px\" \/><figcaption>EVA QUIRI FR\u00cdAS OLMO<\/figcaption><\/figure><\/div>\n\n\n\n<div class=\"wp-block-image\"><figure class=\"aligncenter\"><img loading=\"lazy\" decoding=\"async\" width=\"200\" height=\"300\" src=\"http:\/\/iesolajara.es\/wp-content\/uploads\/2019\/03\/EVA-QUIURI-1-200x300.jpg\" alt=\"\" class=\"wp-image-1381\" srcset=\"https:\/\/iesolajara.es\/wp-content\/uploads\/2019\/03\/EVA-QUIURI-1-200x300.jpg 200w, https:\/\/iesolajara.es\/wp-content\/uploads\/2019\/03\/EVA-QUIURI-1-683x1024.jpg 683w, https:\/\/iesolajara.es\/wp-content\/uploads\/2019\/03\/EVA-QUIURI-1-768x1152.jpg 768w, https:\/\/iesolajara.es\/wp-content\/uploads\/2019\/03\/EVA-QUIURI-1-1024x1536.jpg 1024w, https:\/\/iesolajara.es\/wp-content\/uploads\/2019\/03\/EVA-QUIURI-1.jpg 1365w\" sizes=\"auto, (max-width: 200px) 100vw, 200px\" \/><figcaption> <br>EVA QUIRI FR\u00cdAS OLMO <\/figcaption><\/figure><\/div>\n\n\n\n<div class=\"wp-block-image\"><figure class=\"aligncenter\"><img loading=\"lazy\" decoding=\"async\" width=\"300\" height=\"200\" src=\"http:\/\/iesolajara.es\/wp-content\/uploads\/2019\/03\/EVA-VILLARTA-1-300x200.jpg\" alt=\"\" class=\"wp-image-1382\" srcset=\"https:\/\/iesolajara.es\/wp-content\/uploads\/2019\/03\/EVA-VILLARTA-1-300x200.jpg 300w, https:\/\/iesolajara.es\/wp-content\/uploads\/2019\/03\/EVA-VILLARTA-1-1024x683.jpg 1024w, https:\/\/iesolajara.es\/wp-content\/uploads\/2019\/03\/EVA-VILLARTA-1-768x512.jpg 768w, https:\/\/iesolajara.es\/wp-content\/uploads\/2019\/03\/EVA-VILLARTA-1-1536x1024.jpg 1536w, https:\/\/iesolajara.es\/wp-content\/uploads\/2019\/03\/EVA-VILLARTA-1.jpg 2048w\" sizes=\"auto, (max-width: 300px) 100vw, 300px\" \/><figcaption>EVA VILLARTA SENABRE<\/figcaption><\/figure><\/div>\n\n\n\n<div class=\"wp-block-image\"><figure class=\"aligncenter\"><img loading=\"lazy\" decoding=\"async\" width=\"200\" height=\"300\" src=\"http:\/\/iesolajara.es\/wp-content\/uploads\/2019\/03\/EVA-VILLARTA-2-200x300.jpg\" alt=\"\" class=\"wp-image-1383\" srcset=\"https:\/\/iesolajara.es\/wp-content\/uploads\/2019\/03\/EVA-VILLARTA-2-200x300.jpg 200w, https:\/\/iesolajara.es\/wp-content\/uploads\/2019\/03\/EVA-VILLARTA-2-683x1024.jpg 683w, https:\/\/iesolajara.es\/wp-content\/uploads\/2019\/03\/EVA-VILLARTA-2-768x1152.jpg 768w, https:\/\/iesolajara.es\/wp-content\/uploads\/2019\/03\/EVA-VILLARTA-2-1024x1536.jpg 1024w, https:\/\/iesolajara.es\/wp-content\/uploads\/2019\/03\/EVA-VILLARTA-2.jpg 1365w\" sizes=\"auto, (max-width: 200px) 100vw, 200px\" \/><figcaption> <br>EVA VILLARTA SENABRE <\/figcaption><\/figure><\/div>\n\n\n\n<div class=\"wp-block-image\"><figure class=\"aligncenter\"><img loading=\"lazy\" decoding=\"async\" width=\"300\" height=\"200\" src=\"http:\/\/iesolajara.es\/wp-content\/uploads\/2019\/03\/FABRI-2-2-300x200.jpg\" alt=\"\" class=\"wp-image-1413\" srcset=\"https:\/\/iesolajara.es\/wp-content\/uploads\/2019\/03\/FABRI-2-2-300x200.jpg 300w, https:\/\/iesolajara.es\/wp-content\/uploads\/2019\/03\/FABRI-2-2-1024x683.jpg 1024w, https:\/\/iesolajara.es\/wp-content\/uploads\/2019\/03\/FABRI-2-2-768x512.jpg 768w, https:\/\/iesolajara.es\/wp-content\/uploads\/2019\/03\/FABRI-2-2-1536x1024.jpg 1536w, https:\/\/iesolajara.es\/wp-content\/uploads\/2019\/03\/FABRI-2-2.jpg 2048w\" sizes=\"auto, (max-width: 300px) 100vw, 300px\" \/><figcaption>FRABRIZIO AVALOS MEAURIO<\/figcaption><\/figure><\/div>\n\n\n\n<div class=\"wp-block-image\"><figure class=\"aligncenter\"><img loading=\"lazy\" decoding=\"async\" width=\"300\" height=\"200\" src=\"http:\/\/iesolajara.es\/wp-content\/uploads\/2019\/03\/FABRI-3-2-300x200.jpg\" alt=\"\" class=\"wp-image-1424\" srcset=\"https:\/\/iesolajara.es\/wp-content\/uploads\/2019\/03\/FABRI-3-2-300x200.jpg 300w, https:\/\/iesolajara.es\/wp-content\/uploads\/2019\/03\/FABRI-3-2-1024x683.jpg 1024w, https:\/\/iesolajara.es\/wp-content\/uploads\/2019\/03\/FABRI-3-2-768x512.jpg 768w, https:\/\/iesolajara.es\/wp-content\/uploads\/2019\/03\/FABRI-3-2-1536x1024.jpg 1536w, https:\/\/iesolajara.es\/wp-content\/uploads\/2019\/03\/FABRI-3-2.jpg 2048w\" sizes=\"auto, (max-width: 300px) 100vw, 300px\" \/><figcaption> <br>FRABRIZIO AVALOS MEAURIO <\/figcaption><\/figure><\/div>\n\n\n\n<div class=\"wp-block-image\"><figure class=\"aligncenter\"><img loading=\"lazy\" decoding=\"async\" width=\"300\" height=\"200\" src=\"http:\/\/iesolajara.es\/wp-content\/uploads\/2019\/03\/final-clase-3-300x200.jpg\" alt=\"\" class=\"wp-image-1430\" srcset=\"https:\/\/iesolajara.es\/wp-content\/uploads\/2019\/03\/final-clase-3-300x200.jpg 300w, https:\/\/iesolajara.es\/wp-content\/uploads\/2019\/03\/final-clase-3-1024x683.jpg 1024w, https:\/\/iesolajara.es\/wp-content\/uploads\/2019\/03\/final-clase-3-768x512.jpg 768w, https:\/\/iesolajara.es\/wp-content\/uploads\/2019\/03\/final-clase-3-1536x1024.jpg 1536w, https:\/\/iesolajara.es\/wp-content\/uploads\/2019\/03\/final-clase-3.jpg 2048w\" sizes=\"auto, (max-width: 300px) 100vw, 300px\" \/><figcaption>FOTOGRAF\u00cdA COLECTIVA<\/figcaption><\/figure><\/div>\n\n\n\n<div class=\"wp-block-image\"><figure class=\"aligncenter\"><img loading=\"lazy\" decoding=\"async\" width=\"200\" height=\"300\" src=\"http:\/\/iesolajara.es\/wp-content\/uploads\/2019\/03\/H\u00c9CTOR-1-2-200x300.jpg\" alt=\"\" class=\"wp-image-1431\" srcset=\"https:\/\/iesolajara.es\/wp-content\/uploads\/2019\/03\/H\u00c9CTOR-1-2-200x300.jpg 200w, https:\/\/iesolajara.es\/wp-content\/uploads\/2019\/03\/H\u00c9CTOR-1-2-683x1024.jpg 683w, https:\/\/iesolajara.es\/wp-content\/uploads\/2019\/03\/H\u00c9CTOR-1-2-768x1152.jpg 768w, https:\/\/iesolajara.es\/wp-content\/uploads\/2019\/03\/H\u00c9CTOR-1-2-1024x1536.jpg 1024w, https:\/\/iesolajara.es\/wp-content\/uploads\/2019\/03\/H\u00c9CTOR-1-2.jpg 1365w\" sizes=\"auto, (max-width: 200px) 100vw, 200px\" \/><figcaption>H\u00c9CTOR G\u00d3MEZ PARDO<\/figcaption><\/figure><\/div>\n\n\n\n<div class=\"wp-block-image\"><figure class=\"aligncenter\"><img loading=\"lazy\" decoding=\"async\" width=\"200\" height=\"300\" src=\"http:\/\/iesolajara.es\/wp-content\/uploads\/2019\/03\/HECTOR-2-2-200x300.jpg\" alt=\"\" class=\"wp-image-1433\" srcset=\"https:\/\/iesolajara.es\/wp-content\/uploads\/2019\/03\/HECTOR-2-2-200x300.jpg 200w, https:\/\/iesolajara.es\/wp-content\/uploads\/2019\/03\/HECTOR-2-2-683x1024.jpg 683w, https:\/\/iesolajara.es\/wp-content\/uploads\/2019\/03\/HECTOR-2-2-768x1152.jpg 768w, https:\/\/iesolajara.es\/wp-content\/uploads\/2019\/03\/HECTOR-2-2-1024x1536.jpg 1024w, https:\/\/iesolajara.es\/wp-content\/uploads\/2019\/03\/HECTOR-2-2.jpg 1365w\" sizes=\"auto, (max-width: 200px) 100vw, 200px\" \/><figcaption> <br>H\u00c9CTOR G\u00d3MEZ PARDO <\/figcaption><\/figure><\/div>\n\n\n\n<div class=\"wp-block-image\"><figure class=\"aligncenter\"><img loading=\"lazy\" decoding=\"async\" width=\"300\" height=\"200\" src=\"http:\/\/iesolajara.es\/wp-content\/uploads\/2019\/03\/IRATXE-1-2-300x200.jpg\" alt=\"\" class=\"wp-image-1434\" srcset=\"https:\/\/iesolajara.es\/wp-content\/uploads\/2019\/03\/IRATXE-1-2-300x200.jpg 300w, https:\/\/iesolajara.es\/wp-content\/uploads\/2019\/03\/IRATXE-1-2-1024x683.jpg 1024w, https:\/\/iesolajara.es\/wp-content\/uploads\/2019\/03\/IRATXE-1-2-768x512.jpg 768w, https:\/\/iesolajara.es\/wp-content\/uploads\/2019\/03\/IRATXE-1-2-1536x1024.jpg 1536w, https:\/\/iesolajara.es\/wp-content\/uploads\/2019\/03\/IRATXE-1-2.jpg 2048w\" sizes=\"auto, (max-width: 300px) 100vw, 300px\" \/><figcaption>IRATXE MELGOSO MORENO<\/figcaption><\/figure><\/div>\n\n\n\n<div class=\"wp-block-image\"><figure class=\"aligncenter\"><img loading=\"lazy\" decoding=\"async\" width=\"300\" height=\"200\" src=\"http:\/\/iesolajara.es\/wp-content\/uploads\/2019\/03\/IRATXE-2-2-300x200.jpg\" alt=\"\" class=\"wp-image-1435\" srcset=\"https:\/\/iesolajara.es\/wp-content\/uploads\/2019\/03\/IRATXE-2-2-300x200.jpg 300w, https:\/\/iesolajara.es\/wp-content\/uploads\/2019\/03\/IRATXE-2-2-1024x683.jpg 1024w, https:\/\/iesolajara.es\/wp-content\/uploads\/2019\/03\/IRATXE-2-2-768x512.jpg 768w, https:\/\/iesolajara.es\/wp-content\/uploads\/2019\/03\/IRATXE-2-2-1536x1024.jpg 1536w, https:\/\/iesolajara.es\/wp-content\/uploads\/2019\/03\/IRATXE-2-2.jpg 2048w\" sizes=\"auto, (max-width: 300px) 100vw, 300px\" \/><figcaption> <br>IRATXE MELGOSO MORENO <\/figcaption><\/figure><\/div>\n\n\n\n<div class=\"wp-block-image\"><figure class=\"aligncenter\"><img loading=\"lazy\" decoding=\"async\" width=\"200\" height=\"300\" src=\"http:\/\/iesolajara.es\/wp-content\/uploads\/2019\/03\/mafer-3-2-200x300.jpg\" alt=\"\" class=\"wp-image-1436\" srcset=\"https:\/\/iesolajara.es\/wp-content\/uploads\/2019\/03\/mafer-3-2-200x300.jpg 200w, https:\/\/iesolajara.es\/wp-content\/uploads\/2019\/03\/mafer-3-2-683x1024.jpg 683w, https:\/\/iesolajara.es\/wp-content\/uploads\/2019\/03\/mafer-3-2-768x1152.jpg 768w, https:\/\/iesolajara.es\/wp-content\/uploads\/2019\/03\/mafer-3-2-1024x1536.jpg 1024w, https:\/\/iesolajara.es\/wp-content\/uploads\/2019\/03\/mafer-3-2.jpg 1365w\" sizes=\"auto, (max-width: 200px) 100vw, 200px\" \/><figcaption>MAR\u00cdA FERNANDA QUI\u00d1\u00d3NEZ <\/figcaption><\/figure><\/div>\n\n\n\n<div class=\"wp-block-image\"><figure class=\"aligncenter\"><img loading=\"lazy\" decoding=\"async\" width=\"300\" height=\"200\" src=\"http:\/\/iesolajara.es\/wp-content\/uploads\/2019\/03\/maria-PEREZ-1-2-300x200.jpg\" alt=\"\" class=\"wp-image-1438\" srcset=\"https:\/\/iesolajara.es\/wp-content\/uploads\/2019\/03\/maria-PEREZ-1-2-300x200.jpg 300w, https:\/\/iesolajara.es\/wp-content\/uploads\/2019\/03\/maria-PEREZ-1-2-1024x683.jpg 1024w, https:\/\/iesolajara.es\/wp-content\/uploads\/2019\/03\/maria-PEREZ-1-2-768x512.jpg 768w, https:\/\/iesolajara.es\/wp-content\/uploads\/2019\/03\/maria-PEREZ-1-2-1536x1024.jpg 1536w, https:\/\/iesolajara.es\/wp-content\/uploads\/2019\/03\/maria-PEREZ-1-2.jpg 2048w\" sizes=\"auto, (max-width: 300px) 100vw, 300px\" \/><figcaption>MAR\u00cdA P\u00c9REZ CEA<\/figcaption><\/figure><\/div>\n\n\n\n<div class=\"wp-block-image\"><figure class=\"aligncenter\"><img loading=\"lazy\" decoding=\"async\" width=\"200\" height=\"300\" src=\"http:\/\/iesolajara.es\/wp-content\/uploads\/2019\/03\/MARIA-PEREZ-7-2-200x300.jpg\" alt=\"\" class=\"wp-image-1439\" srcset=\"https:\/\/iesolajara.es\/wp-content\/uploads\/2019\/03\/MARIA-PEREZ-7-2-200x300.jpg 200w, https:\/\/iesolajara.es\/wp-content\/uploads\/2019\/03\/MARIA-PEREZ-7-2-683x1024.jpg 683w, https:\/\/iesolajara.es\/wp-content\/uploads\/2019\/03\/MARIA-PEREZ-7-2-768x1152.jpg 768w, https:\/\/iesolajara.es\/wp-content\/uploads\/2019\/03\/MARIA-PEREZ-7-2-1024x1536.jpg 1024w, https:\/\/iesolajara.es\/wp-content\/uploads\/2019\/03\/MARIA-PEREZ-7-2.jpg 1365w\" sizes=\"auto, (max-width: 200px) 100vw, 200px\" \/><figcaption> <br>MAR\u00cdA P\u00c9REZ CEA <\/figcaption><\/figure><\/div>\n\n\n\n<div class=\"wp-block-image\"><figure class=\"aligncenter\"><img loading=\"lazy\" decoding=\"async\" width=\"300\" height=\"200\" src=\"http:\/\/iesolajara.es\/wp-content\/uploads\/2019\/03\/MARIO-1-2-300x200.jpg\" alt=\"\" class=\"wp-image-1440\" srcset=\"https:\/\/iesolajara.es\/wp-content\/uploads\/2019\/03\/MARIO-1-2-300x200.jpg 300w, https:\/\/iesolajara.es\/wp-content\/uploads\/2019\/03\/MARIO-1-2-1024x683.jpg 1024w, https:\/\/iesolajara.es\/wp-content\/uploads\/2019\/03\/MARIO-1-2-768x512.jpg 768w, https:\/\/iesolajara.es\/wp-content\/uploads\/2019\/03\/MARIO-1-2-1536x1024.jpg 1536w, https:\/\/iesolajara.es\/wp-content\/uploads\/2019\/03\/MARIO-1-2.jpg 2048w\" sizes=\"auto, (max-width: 300px) 100vw, 300px\" \/><figcaption>MARIO GONZ\u00c1LEZ RUIP\u00c9REZ<\/figcaption><\/figure><\/div>\n\n\n\n<div class=\"wp-block-image\"><figure class=\"aligncenter\"><img loading=\"lazy\" decoding=\"async\" width=\"200\" height=\"300\" src=\"http:\/\/iesolajara.es\/wp-content\/uploads\/2019\/03\/MARIO-2-2-200x300.jpg\" alt=\"\" class=\"wp-image-1441\" srcset=\"https:\/\/iesolajara.es\/wp-content\/uploads\/2019\/03\/MARIO-2-2-200x300.jpg 200w, https:\/\/iesolajara.es\/wp-content\/uploads\/2019\/03\/MARIO-2-2-683x1024.jpg 683w, https:\/\/iesolajara.es\/wp-content\/uploads\/2019\/03\/MARIO-2-2-768x1152.jpg 768w, https:\/\/iesolajara.es\/wp-content\/uploads\/2019\/03\/MARIO-2-2-1024x1536.jpg 1024w, https:\/\/iesolajara.es\/wp-content\/uploads\/2019\/03\/MARIO-2-2.jpg 1365w\" sizes=\"auto, (max-width: 200px) 100vw, 200px\" \/><figcaption> <br>MARIO GONZ\u00c1LEZ RUIP\u00c9REZ <\/figcaption><\/figure><\/div>\n\n\n\n<div class=\"wp-block-image\"><figure class=\"aligncenter\"><img loading=\"lazy\" decoding=\"async\" width=\"300\" height=\"200\" src=\"http:\/\/iesolajara.es\/wp-content\/uploads\/2019\/03\/MIGUEL-1-2-300x200.jpg\" alt=\"\" class=\"wp-image-1442\" srcset=\"https:\/\/iesolajara.es\/wp-content\/uploads\/2019\/03\/MIGUEL-1-2-300x200.jpg 300w, https:\/\/iesolajara.es\/wp-content\/uploads\/2019\/03\/MIGUEL-1-2-1024x683.jpg 1024w, https:\/\/iesolajara.es\/wp-content\/uploads\/2019\/03\/MIGUEL-1-2-768x512.jpg 768w, https:\/\/iesolajara.es\/wp-content\/uploads\/2019\/03\/MIGUEL-1-2-1536x1024.jpg 1536w, https:\/\/iesolajara.es\/wp-content\/uploads\/2019\/03\/MIGUEL-1-2.jpg 2048w\" sizes=\"auto, (max-width: 300px) 100vw, 300px\" \/><figcaption>MIGUEL PICAZO LE\u00d3N<\/figcaption><\/figure><\/div>\n\n\n\n<div class=\"wp-block-image\"><figure class=\"aligncenter\"><img loading=\"lazy\" decoding=\"async\" width=\"300\" height=\"200\" src=\"http:\/\/iesolajara.es\/wp-content\/uploads\/2019\/03\/MIGUEL-2-2-300x200.jpg\" alt=\"\" class=\"wp-image-1443\" srcset=\"https:\/\/iesolajara.es\/wp-content\/uploads\/2019\/03\/MIGUEL-2-2-300x200.jpg 300w, https:\/\/iesolajara.es\/wp-content\/uploads\/2019\/03\/MIGUEL-2-2-1024x683.jpg 1024w, https:\/\/iesolajara.es\/wp-content\/uploads\/2019\/03\/MIGUEL-2-2-768x512.jpg 768w, https:\/\/iesolajara.es\/wp-content\/uploads\/2019\/03\/MIGUEL-2-2-1536x1024.jpg 1536w, https:\/\/iesolajara.es\/wp-content\/uploads\/2019\/03\/MIGUEL-2-2.jpg 2048w\" sizes=\"auto, (max-width: 300px) 100vw, 300px\" \/><figcaption>MIGUEL PICAZO LE\u00d3N<\/figcaption><\/figure><\/div>\n\n\n\n<div class=\"wp-block-image\"><figure class=\"aligncenter\"><img loading=\"lazy\" decoding=\"async\" width=\"300\" height=\"200\" src=\"http:\/\/iesolajara.es\/wp-content\/uploads\/2019\/03\/NAIARA-1-2-300x200.jpg\" alt=\"\" class=\"wp-image-1444\" srcset=\"https:\/\/iesolajara.es\/wp-content\/uploads\/2019\/03\/NAIARA-1-2-300x200.jpg 300w, https:\/\/iesolajara.es\/wp-content\/uploads\/2019\/03\/NAIARA-1-2-1024x683.jpg 1024w, https:\/\/iesolajara.es\/wp-content\/uploads\/2019\/03\/NAIARA-1-2-768x512.jpg 768w, https:\/\/iesolajara.es\/wp-content\/uploads\/2019\/03\/NAIARA-1-2-1536x1024.jpg 1536w, https:\/\/iesolajara.es\/wp-content\/uploads\/2019\/03\/NAIARA-1-2.jpg 2048w\" sizes=\"auto, (max-width: 300px) 100vw, 300px\" \/><figcaption>NAIARA PICAZO LE\u00d3N<\/figcaption><\/figure><\/div>\n\n\n\n<div class=\"wp-block-image\"><figure class=\"aligncenter\"><img loading=\"lazy\" decoding=\"async\" width=\"200\" height=\"300\" src=\"http:\/\/iesolajara.es\/wp-content\/uploads\/2019\/03\/NAIARA-2-2-200x300.jpg\" alt=\"\" class=\"wp-image-1445\" srcset=\"https:\/\/iesolajara.es\/wp-content\/uploads\/2019\/03\/NAIARA-2-2-200x300.jpg 200w, https:\/\/iesolajara.es\/wp-content\/uploads\/2019\/03\/NAIARA-2-2-683x1024.jpg 683w, https:\/\/iesolajara.es\/wp-content\/uploads\/2019\/03\/NAIARA-2-2-768x1152.jpg 768w, https:\/\/iesolajara.es\/wp-content\/uploads\/2019\/03\/NAIARA-2-2-1024x1536.jpg 1024w, https:\/\/iesolajara.es\/wp-content\/uploads\/2019\/03\/NAIARA-2-2.jpg 1365w\" sizes=\"auto, (max-width: 200px) 100vw, 200px\" \/><figcaption>NAIARA PICAZO LE\u00d3N<\/figcaption><\/figure><\/div>\n\n\n\n<div class=\"wp-block-image\"><figure class=\"aligncenter\"><img loading=\"lazy\" decoding=\"async\" width=\"300\" height=\"200\" src=\"http:\/\/iesolajara.es\/wp-content\/uploads\/2019\/03\/NATALIA-1-1-300x200.jpg\" alt=\"\" class=\"wp-image-1446\" srcset=\"https:\/\/iesolajara.es\/wp-content\/uploads\/2019\/03\/NATALIA-1-1-300x200.jpg 300w, https:\/\/iesolajara.es\/wp-content\/uploads\/2019\/03\/NATALIA-1-1-1024x683.jpg 1024w, https:\/\/iesolajara.es\/wp-content\/uploads\/2019\/03\/NATALIA-1-1-768x512.jpg 768w, https:\/\/iesolajara.es\/wp-content\/uploads\/2019\/03\/NATALIA-1-1-1536x1024.jpg 1536w, https:\/\/iesolajara.es\/wp-content\/uploads\/2019\/03\/NATALIA-1-1.jpg 2048w\" sizes=\"auto, (max-width: 300px) 100vw, 300px\" \/><figcaption>NATALIA L\u00d3PEZ COLLADO<\/figcaption><\/figure><\/div>\n\n\n\n<div class=\"wp-block-image\"><figure class=\"aligncenter\"><img loading=\"lazy\" decoding=\"async\" width=\"200\" height=\"300\" src=\"http:\/\/iesolajara.es\/wp-content\/uploads\/2019\/03\/NATALIA-3-1-200x300.jpg\" alt=\"\" class=\"wp-image-1447\" srcset=\"https:\/\/iesolajara.es\/wp-content\/uploads\/2019\/03\/NATALIA-3-1-200x300.jpg 200w, https:\/\/iesolajara.es\/wp-content\/uploads\/2019\/03\/NATALIA-3-1-683x1024.jpg 683w, https:\/\/iesolajara.es\/wp-content\/uploads\/2019\/03\/NATALIA-3-1-768x1152.jpg 768w, https:\/\/iesolajara.es\/wp-content\/uploads\/2019\/03\/NATALIA-3-1-1024x1536.jpg 1024w, https:\/\/iesolajara.es\/wp-content\/uploads\/2019\/03\/NATALIA-3-1.jpg 1365w\" sizes=\"auto, (max-width: 200px) 100vw, 200px\" \/><figcaption>NATALIA L\u00d3PEZ COLLADO<\/figcaption><\/figure><\/div>\n\n\n\n<div class=\"wp-block-image\"><figure class=\"aligncenter\"><img loading=\"lazy\" decoding=\"async\" width=\"200\" height=\"300\" src=\"http:\/\/iesolajara.es\/wp-content\/uploads\/2019\/03\/REBECA-1-1-200x300.jpg\" alt=\"\" class=\"wp-image-1448\" srcset=\"https:\/\/iesolajara.es\/wp-content\/uploads\/2019\/03\/REBECA-1-1-200x300.jpg 200w, https:\/\/iesolajara.es\/wp-content\/uploads\/2019\/03\/REBECA-1-1-683x1024.jpg 683w, https:\/\/iesolajara.es\/wp-content\/uploads\/2019\/03\/REBECA-1-1-768x1152.jpg 768w, https:\/\/iesolajara.es\/wp-content\/uploads\/2019\/03\/REBECA-1-1-1024x1536.jpg 1024w, https:\/\/iesolajara.es\/wp-content\/uploads\/2019\/03\/REBECA-1-1.jpg 1365w\" sizes=\"auto, (max-width: 200px) 100vw, 200px\" \/><figcaption>ADINA REBECA STANCIU<\/figcaption><\/figure><\/div>\n\n\n\n<div class=\"wp-block-image\"><figure class=\"aligncenter\"><img loading=\"lazy\" decoding=\"async\" width=\"300\" height=\"200\" src=\"http:\/\/iesolajara.es\/wp-content\/uploads\/2019\/03\/REBECA-2-1-300x200.jpg\" alt=\"\" class=\"wp-image-1449\" srcset=\"https:\/\/iesolajara.es\/wp-content\/uploads\/2019\/03\/REBECA-2-1-300x200.jpg 300w, https:\/\/iesolajara.es\/wp-content\/uploads\/2019\/03\/REBECA-2-1-1024x683.jpg 1024w, https:\/\/iesolajara.es\/wp-content\/uploads\/2019\/03\/REBECA-2-1-768x512.jpg 768w, https:\/\/iesolajara.es\/wp-content\/uploads\/2019\/03\/REBECA-2-1-1536x1024.jpg 1536w, https:\/\/iesolajara.es\/wp-content\/uploads\/2019\/03\/REBECA-2-1.jpg 2048w\" sizes=\"auto, (max-width: 300px) 100vw, 300px\" \/><figcaption>ADINA REBECA STANCIU<\/figcaption><\/figure><\/div>\n\n\n\n<div class=\"wp-block-image\"><figure class=\"aligncenter\"><img loading=\"lazy\" decoding=\"async\" width=\"300\" height=\"200\" src=\"http:\/\/iesolajara.es\/wp-content\/uploads\/2019\/03\/tania-1-1-300x200.jpg\" alt=\"\" class=\"wp-image-1450\" srcset=\"https:\/\/iesolajara.es\/wp-content\/uploads\/2019\/03\/tania-1-1-300x200.jpg 300w, https:\/\/iesolajara.es\/wp-content\/uploads\/2019\/03\/tania-1-1-1024x683.jpg 1024w, https:\/\/iesolajara.es\/wp-content\/uploads\/2019\/03\/tania-1-1-768x512.jpg 768w, https:\/\/iesolajara.es\/wp-content\/uploads\/2019\/03\/tania-1-1-1536x1024.jpg 1536w, https:\/\/iesolajara.es\/wp-content\/uploads\/2019\/03\/tania-1-1.jpg 2048w\" sizes=\"auto, (max-width: 300px) 100vw, 300px\" \/><figcaption>TANIA LERMA PARDO<\/figcaption><\/figure><\/div>\n\n\n\n<div class=\"wp-block-image\"><figure class=\"aligncenter\"><img loading=\"lazy\" decoding=\"async\" width=\"200\" height=\"300\" src=\"http:\/\/iesolajara.es\/wp-content\/uploads\/2019\/03\/TERESA-2-1-200x300.jpg\" alt=\"\" class=\"wp-image-1451\" srcset=\"https:\/\/iesolajara.es\/wp-content\/uploads\/2019\/03\/TERESA-2-1-200x300.jpg 200w, https:\/\/iesolajara.es\/wp-content\/uploads\/2019\/03\/TERESA-2-1-683x1024.jpg 683w, https:\/\/iesolajara.es\/wp-content\/uploads\/2019\/03\/TERESA-2-1-768x1152.jpg 768w, https:\/\/iesolajara.es\/wp-content\/uploads\/2019\/03\/TERESA-2-1-1024x1536.jpg 1024w, https:\/\/iesolajara.es\/wp-content\/uploads\/2019\/03\/TERESA-2-1.jpg 1365w\" sizes=\"auto, (max-width: 200px) 100vw, 200px\" \/><figcaption>TERESA COLLADO PERAILE<\/figcaption><\/figure><\/div>\n\n\n\n<div class=\"wp-block-image\"><figure class=\"aligncenter\"><img loading=\"lazy\" decoding=\"async\" width=\"300\" height=\"200\" src=\"http:\/\/iesolajara.es\/wp-content\/uploads\/2019\/03\/TERESA-I-1-300x200.jpg\" alt=\"\" class=\"wp-image-1452\" srcset=\"https:\/\/iesolajara.es\/wp-content\/uploads\/2019\/03\/TERESA-I-1-300x200.jpg 300w, https:\/\/iesolajara.es\/wp-content\/uploads\/2019\/03\/TERESA-I-1-1024x683.jpg 1024w, https:\/\/iesolajara.es\/wp-content\/uploads\/2019\/03\/TERESA-I-1-768x512.jpg 768w, https:\/\/iesolajara.es\/wp-content\/uploads\/2019\/03\/TERESA-I-1-1536x1024.jpg 1536w, https:\/\/iesolajara.es\/wp-content\/uploads\/2019\/03\/TERESA-I-1.jpg 2048w\" sizes=\"auto, (max-width: 300px) 100vw, 300px\" \/><figcaption>TERESA COLLADO PERAILE<\/figcaption><\/figure><\/div>\n","protected":false},"excerpt":{"rendered":"<div class=\"mh-excerpt\"><p>Los alumn@s matriculados en la asignatura de Educaci\u00f3n Pl\u00e1stica, Visual y Audiovisual, durante el segundo trimestre y aprovechando el estudio del tema de la composici\u00f3n, <a class=\"mh-excerpt-more\" href=\"https:\/\/iesolajara.es\/?p=1369\" title=\"CONCURSO DE FOTOGRAF\u00cdAS 4\u00ba E.S.O\">[&#8230;]<\/a><\/p>\n<\/div>","protected":false},"author":1,"featured_media":1461,"comment_status":"open","ping_status":"open","sticky":false,"template":"","format":"standard","meta":{"footnotes":""},"categories":[1],"tags":[],"class_list":["post-1369","post","type-post","status-publish","format-standard","has-post-thumbnail","hentry","category-general"],"_links":{"self":[{"href":"https:\/\/iesolajara.es\/index.php?rest_route=\/wp\/v2\/posts\/1369","targetHints":{"allow":["GET"]}}],"collection":[{"href":"https:\/\/iesolajara.es\/index.php?rest_route=\/wp\/v2\/posts"}],"about":[{"href":"https:\/\/iesolajara.es\/index.php?rest_route=\/wp\/v2\/types\/post"}],"author":[{"embeddable":true,"href":"https:\/\/iesolajara.es\/index.php?rest_route=\/wp\/v2\/users\/1"}],"replies":[{"embeddable":true,"href":"https:\/\/iesolajara.es\/index.php?rest_route=%2Fwp%2Fv2%2Fcomments&post=1369"}],"version-history":[{"count":7,"href":"https:\/\/iesolajara.es\/index.php?rest_route=\/wp\/v2\/posts\/1369\/revisions"}],"predecessor-version":[{"id":1471,"href":"https:\/\/iesolajara.es\/index.php?rest_route=\/wp\/v2\/posts\/1369\/revisions\/1471"}],"wp:featuredmedia":[{"embeddable":true,"href":"https:\/\/iesolajara.es\/index.php?rest_route=\/wp\/v2\/media\/1461"}],"wp:attachment":[{"href":"https:\/\/iesolajara.es\/index.php?rest_route=%2Fwp%2Fv2%2Fmedia&parent=1369"}],"wp:term":[{"taxonomy":"category","embeddable":true,"href":"https:\/\/iesolajara.es\/index.php?rest_route=%2Fwp%2Fv2%2Fcategories&post=1369"},{"taxonomy":"post_tag","embeddable":true,"href":"https:\/\/iesolajara.es\/index.php?rest_route=%2Fwp%2Fv2%2Ftags&post=1369"}],"curies":[{"name":"wp","href":"https:\/\/api.w.org\/{rel}","templated":true}]}}