{"id":1309,"date":"2019-03-02T06:40:51","date_gmt":"2019-03-02T06:40:51","guid":{"rendered":"http:\/\/iesolajara.es\/?p=1309"},"modified":"2019-03-02T06:42:18","modified_gmt":"2019-03-02T06:42:18","slug":"ya-tenemos-madrina-2","status":"publish","type":"post","link":"https:\/\/iesolajara.es\/?p=1309","title":{"rendered":"\u00a1Ya tenemos madrina!"},"content":{"rendered":"\n<p style=\"font-size:-1px\">\u00a1Menuda sorpresa le ten\u00edan preparada los chicos de 4\u00ba a nuestra querida Aurora! Muy dispuestos, le esperaban en el aula de pl\u00e1stica con un gran ramo de flores y para pedirle, muy emocionados, que les acompa\u00f1e en este d\u00eda tan importante como es su graduaci\u00f3n. <\/p>\n\n\n\n<p>Muy emocionada, le hizo mucha ilusi\u00f3n, nuestros mayores ya tendr\u00e1n madrina en su d\u00eda de celebraci\u00f3n. \u00a1No queremos que os march\u00e9is todav\u00eda chicos, todav\u00eda nos queda un mont\u00f3n!<\/p>\n\n\n\n<p>Enhorabuena a todos y Aurora en especial. Y&#8230; \u00a1Feliz cumplea\u00f1os!<\/p>\n\n\n\n<figure class=\"wp-block-image\"><img loading=\"lazy\" decoding=\"async\" width=\"1024\" height=\"768\" src=\"http:\/\/iesolajara.es\/wp-content\/uploads\/2019\/03\/e51795b0-bc8f-49df-b208-aedac7445b09-1024x768.jpg\" alt=\"\" class=\"wp-image-1312\" srcset=\"https:\/\/iesolajara.es\/wp-content\/uploads\/2019\/03\/e51795b0-bc8f-49df-b208-aedac7445b09-1024x768.jpg 1024w, https:\/\/iesolajara.es\/wp-content\/uploads\/2019\/03\/e51795b0-bc8f-49df-b208-aedac7445b09-300x225.jpg 300w, https:\/\/iesolajara.es\/wp-content\/uploads\/2019\/03\/e51795b0-bc8f-49df-b208-aedac7445b09-768x576.jpg 768w, https:\/\/iesolajara.es\/wp-content\/uploads\/2019\/03\/e51795b0-bc8f-49df-b208-aedac7445b09-1536x1152.jpg 1536w, https:\/\/iesolajara.es\/wp-content\/uploads\/2019\/03\/e51795b0-bc8f-49df-b208-aedac7445b09-678x509.jpg 678w, https:\/\/iesolajara.es\/wp-content\/uploads\/2019\/03\/e51795b0-bc8f-49df-b208-aedac7445b09-326x245.jpg 326w, https:\/\/iesolajara.es\/wp-content\/uploads\/2019\/03\/e51795b0-bc8f-49df-b208-aedac7445b09-80x60.jpg 80w, https:\/\/iesolajara.es\/wp-content\/uploads\/2019\/03\/e51795b0-bc8f-49df-b208-aedac7445b09.jpg 1600w\" sizes=\"auto, (max-width: 1024px) 100vw, 1024px\" \/><figcaption>Una bonita carta le ped\u00eda su coraz\u00f3n como madrina&#8230;<\/figcaption><\/figure>\n\n\n\n<figure class=\"wp-block-image\"><img loading=\"lazy\" decoding=\"async\" width=\"1024\" height=\"768\" src=\"http:\/\/iesolajara.es\/wp-content\/uploads\/2019\/03\/3d3b203c-4424-40a1-83df-c72b1257b193-1-1024x768.jpg\" alt=\"\" class=\"wp-image-1313\" srcset=\"https:\/\/iesolajara.es\/wp-content\/uploads\/2019\/03\/3d3b203c-4424-40a1-83df-c72b1257b193-1-1024x768.jpg 1024w, https:\/\/iesolajara.es\/wp-content\/uploads\/2019\/03\/3d3b203c-4424-40a1-83df-c72b1257b193-1-300x225.jpg 300w, https:\/\/iesolajara.es\/wp-content\/uploads\/2019\/03\/3d3b203c-4424-40a1-83df-c72b1257b193-1-768x576.jpg 768w, https:\/\/iesolajara.es\/wp-content\/uploads\/2019\/03\/3d3b203c-4424-40a1-83df-c72b1257b193-1-1536x1152.jpg 1536w, https:\/\/iesolajara.es\/wp-content\/uploads\/2019\/03\/3d3b203c-4424-40a1-83df-c72b1257b193-1-678x509.jpg 678w, https:\/\/iesolajara.es\/wp-content\/uploads\/2019\/03\/3d3b203c-4424-40a1-83df-c72b1257b193-1-326x245.jpg 326w, https:\/\/iesolajara.es\/wp-content\/uploads\/2019\/03\/3d3b203c-4424-40a1-83df-c72b1257b193-1-80x60.jpg 80w, https:\/\/iesolajara.es\/wp-content\/uploads\/2019\/03\/3d3b203c-4424-40a1-83df-c72b1257b193-1.jpg 1600w\" sizes=\"auto, (max-width: 1024px) 100vw, 1024px\" \/><figcaption>\u00a1Y por supuesto, acept\u00f3!<\/figcaption><\/figure>\n\n\n\n<figure class=\"wp-block-image\"><img loading=\"lazy\" decoding=\"async\" width=\"1024\" height=\"768\" src=\"http:\/\/iesolajara.es\/wp-content\/uploads\/2019\/03\/8c81cc4f-d218-4093-8669-49a50499ffbf-1024x768.jpg\" alt=\"\" class=\"wp-image-1314\" srcset=\"https:\/\/iesolajara.es\/wp-content\/uploads\/2019\/03\/8c81cc4f-d218-4093-8669-49a50499ffbf-1024x768.jpg 1024w, https:\/\/iesolajara.es\/wp-content\/uploads\/2019\/03\/8c81cc4f-d218-4093-8669-49a50499ffbf-300x225.jpg 300w, https:\/\/iesolajara.es\/wp-content\/uploads\/2019\/03\/8c81cc4f-d218-4093-8669-49a50499ffbf-768x576.jpg 768w, https:\/\/iesolajara.es\/wp-content\/uploads\/2019\/03\/8c81cc4f-d218-4093-8669-49a50499ffbf-1536x1152.jpg 1536w, https:\/\/iesolajara.es\/wp-content\/uploads\/2019\/03\/8c81cc4f-d218-4093-8669-49a50499ffbf-678x509.jpg 678w, https:\/\/iesolajara.es\/wp-content\/uploads\/2019\/03\/8c81cc4f-d218-4093-8669-49a50499ffbf-326x245.jpg 326w, https:\/\/iesolajara.es\/wp-content\/uploads\/2019\/03\/8c81cc4f-d218-4093-8669-49a50499ffbf-80x60.jpg 80w, https:\/\/iesolajara.es\/wp-content\/uploads\/2019\/03\/8c81cc4f-d218-4093-8669-49a50499ffbf.jpg 1600w\" sizes=\"auto, (max-width: 1024px) 100vw, 1024px\" \/><figcaption>Aprovechemos a tope lo que nos queda juntos<\/figcaption><\/figure>\n","protected":false},"excerpt":{"rendered":"<div class=\"mh-excerpt\"><p>\u00a1Menuda sorpresa le ten\u00edan preparada los chicos de 4\u00ba a nuestra querida Aurora! Muy dispuestos, le esperaban en el aula de pl\u00e1stica con un gran <a class=\"mh-excerpt-more\" href=\"https:\/\/iesolajara.es\/?p=1309\" title=\"\u00a1Ya tenemos madrina!\">[&#8230;]<\/a><\/p>\n<\/div>","protected":false},"author":2,"featured_media":1314,"comment_status":"open","ping_status":"open","sticky":false,"template":"","format":"standard","meta":{"footnotes":""},"categories":[1],"tags":[],"class_list":["post-1309","post","type-post","status-publish","format-standard","has-post-thumbnail","hentry","category-general"],"_links":{"self":[{"href":"https:\/\/iesolajara.es\/index.php?rest_route=\/wp\/v2\/posts\/1309","targetHints":{"allow":["GET"]}}],"collection":[{"href":"https:\/\/iesolajara.es\/index.php?rest_route=\/wp\/v2\/posts"}],"about":[{"href":"https:\/\/iesolajara.es\/index.php?rest_route=\/wp\/v2\/types\/post"}],"author":[{"embeddable":true,"href":"https:\/\/iesolajara.es\/index.php?rest_route=\/wp\/v2\/users\/2"}],"replies":[{"embeddable":true,"href":"https:\/\/iesolajara.es\/index.php?rest_route=%2Fwp%2Fv2%2Fcomments&post=1309"}],"version-history":[{"count":2,"href":"https:\/\/iesolajara.es\/index.php?rest_route=\/wp\/v2\/posts\/1309\/revisions"}],"predecessor-version":[{"id":1316,"href":"https:\/\/iesolajara.es\/index.php?rest_route=\/wp\/v2\/posts\/1309\/revisions\/1316"}],"wp:featuredmedia":[{"embeddable":true,"href":"https:\/\/iesolajara.es\/index.php?rest_route=\/wp\/v2\/media\/1314"}],"wp:attachment":[{"href":"https:\/\/iesolajara.es\/index.php?rest_route=%2Fwp%2Fv2%2Fmedia&parent=1309"}],"wp:term":[{"taxonomy":"category","embeddable":true,"href":"https:\/\/iesolajara.es\/index.php?rest_route=%2Fwp%2Fv2%2Fcategories&post=1309"},{"taxonomy":"post_tag","embeddable":true,"href":"https:\/\/iesolajara.es\/index.php?rest_route=%2Fwp%2Fv2%2Ftags&post=1309"}],"curies":[{"name":"wp","href":"https:\/\/api.w.org\/{rel}","templated":true}]}}