{"id":1305,"date":"2019-03-01T10:24:05","date_gmt":"2019-03-01T10:24:05","guid":{"rendered":"http:\/\/iesolajara.es\/?p=1305"},"modified":"2019-03-01T10:24:07","modified_gmt":"2019-03-01T10:24:07","slug":"aulas-formativas","status":"publish","type":"post","link":"https:\/\/iesolajara.es\/?p=1305","title":{"rendered":"Aulas formativas"},"content":{"rendered":"\n<p>Nuestra educadora social, Lourdes Guerrero (llegada al centro en virtud de los programas Ilusiona-T y Titula-S) est\u00e1 llevando a cabo una importante labor tanto con los alumnos en el horario escolar como  con las familias del Centro a trav\u00e9s de su iniciativa de aulas formativas.<\/p>\n\n\n\n<p>En estas aulas formativas para padres y madres pretendemos abordar y trabajar de manera conjunta \u201ccentro-familia\u201d la educaci\u00f3n integral del alumnado, creando \u00a0espacios de comunicaci\u00f3n, di\u00e1logo e interacci\u00f3n con ellas donde poder abordar inquietudes, preocupaciones, inseguridades que pueden surgir en la labor educativa.<\/p>\n\n\n\n<p>En la actualidad contamos con dos grupos de trabajo con 23 madres inscritas. El primer grupo est\u00e1 formado por madres con hij@s escolarizados en 1\u00ba, mientras que el segundo grupo est\u00e1 formado por madres de con hij@s en 2\u00ba,3\u00ba y 4\u00ba.<\/p>\n\n\n\n<p>Enhorabuena a todas ellas por su participaci\u00f3n, y confiamos en que el apoyo que les brindamos les sea lo m\u00e1s provechoso posible.<\/p>\n\n\n\n<p><\/p>\n\n\n\n<p><\/p>\n","protected":false},"excerpt":{"rendered":"<div class=\"mh-excerpt\"><p>Nuestra educadora social, Lourdes Guerrero (llegada al centro en virtud de los programas Ilusiona-T y Titula-S) est\u00e1 llevando a cabo una importante labor tanto con <a class=\"mh-excerpt-more\" href=\"https:\/\/iesolajara.es\/?p=1305\" title=\"Aulas formativas\">[&#8230;]<\/a><\/p>\n<\/div>","protected":false},"author":1,"featured_media":1306,"comment_status":"open","ping_status":"open","sticky":false,"template":"","format":"standard","meta":{"footnotes":""},"categories":[1,15],"tags":[42,40,41],"class_list":["post-1305","post","type-post","status-publish","format-standard","has-post-thumbnail","hentry","category-general","category-orientacionacademicayprofesional","tag-aula-formativa","tag-educadora-social","tag-familias"],"_links":{"self":[{"href":"https:\/\/iesolajara.es\/index.php?rest_route=\/wp\/v2\/posts\/1305","targetHints":{"allow":["GET"]}}],"collection":[{"href":"https:\/\/iesolajara.es\/index.php?rest_route=\/wp\/v2\/posts"}],"about":[{"href":"https:\/\/iesolajara.es\/index.php?rest_route=\/wp\/v2\/types\/post"}],"author":[{"embeddable":true,"href":"https:\/\/iesolajara.es\/index.php?rest_route=\/wp\/v2\/users\/1"}],"replies":[{"embeddable":true,"href":"https:\/\/iesolajara.es\/index.php?rest_route=%2Fwp%2Fv2%2Fcomments&post=1305"}],"version-history":[{"count":1,"href":"https:\/\/iesolajara.es\/index.php?rest_route=\/wp\/v2\/posts\/1305\/revisions"}],"predecessor-version":[{"id":1307,"href":"https:\/\/iesolajara.es\/index.php?rest_route=\/wp\/v2\/posts\/1305\/revisions\/1307"}],"wp:featuredmedia":[{"embeddable":true,"href":"https:\/\/iesolajara.es\/index.php?rest_route=\/wp\/v2\/media\/1306"}],"wp:attachment":[{"href":"https:\/\/iesolajara.es\/index.php?rest_route=%2Fwp%2Fv2%2Fmedia&parent=1305"}],"wp:term":[{"taxonomy":"category","embeddable":true,"href":"https:\/\/iesolajara.es\/index.php?rest_route=%2Fwp%2Fv2%2Fcategories&post=1305"},{"taxonomy":"post_tag","embeddable":true,"href":"https:\/\/iesolajara.es\/index.php?rest_route=%2Fwp%2Fv2%2Ftags&post=1305"}],"curies":[{"name":"wp","href":"https:\/\/api.w.org\/{rel}","templated":true}]}}