{"id":1194,"date":"2019-01-16T15:09:05","date_gmt":"2019-01-16T15:09:05","guid":{"rendered":"http:\/\/iesolajara.es\/?p=1194"},"modified":"2019-01-16T15:10:12","modified_gmt":"2019-01-16T15:10:12","slug":"charla-sobre-nutricion-saludable","status":"publish","type":"post","link":"https:\/\/iesolajara.es\/?p=1194","title":{"rendered":"Charla sobre alimentaci\u00f3n saludable"},"content":{"rendered":"\n<p>El pasado 12 de diciembre nos visit\u00f3 Miriam Aroca Collado, natural de Villanueva de la Jara y graduada en tecnolog\u00eda de alimentos. Nos ofreci\u00f3 una charla sobre h\u00e1bitos saludables en la nutrici\u00f3n, enfocada a adolescentes en etapa de crecimiento. En ella nos explic\u00f3 la importancia de tomar los alimentos adecuados y en sus proporciones recomendadas. Tambi\u00e9n nos present\u00f3 una p\u00e1gina web \u00abBADALI\u00bb que cre\u00f3 ella misma con unos compa\u00f1eros de universidad para poder ver el contenido nutricional de los alimentos. <\/p>\n\n\n\n<p>El resultado fue satisfactorio, los alumnos pudieron exponer sus dudas y tomaron conciencia de la importancia de una alimentaci\u00f3n saludable en la adolescencia. <\/p>\n\n\n\n<p>\u00a1\u00a1Muchas gracias por tu colaboraci\u00f3n Miriam!!<\/p>\n\n\n\n<figure class=\"wp-block-image\"><img loading=\"lazy\" decoding=\"async\" width=\"1024\" height=\"768\" src=\"http:\/\/iesolajara.es\/wp-content\/uploads\/2019\/01\/charla-1-1024x768.jpg\" alt=\"\" class=\"wp-image-1196\" srcset=\"https:\/\/iesolajara.es\/wp-content\/uploads\/2019\/01\/charla-1-1024x768.jpg 1024w, https:\/\/iesolajara.es\/wp-content\/uploads\/2019\/01\/charla-1-300x225.jpg 300w, https:\/\/iesolajara.es\/wp-content\/uploads\/2019\/01\/charla-1-768x576.jpg 768w, https:\/\/iesolajara.es\/wp-content\/uploads\/2019\/01\/charla-1-1536x1152.jpg 1536w, https:\/\/iesolajara.es\/wp-content\/uploads\/2019\/01\/charla-1-2048x1536.jpg 2048w, https:\/\/iesolajara.es\/wp-content\/uploads\/2019\/01\/charla-1-678x509.jpg 678w, https:\/\/iesolajara.es\/wp-content\/uploads\/2019\/01\/charla-1-326x245.jpg 326w, https:\/\/iesolajara.es\/wp-content\/uploads\/2019\/01\/charla-1-80x60.jpg 80w\" sizes=\"auto, (max-width: 1024px) 100vw, 1024px\" \/><figcaption>Aqu\u00ed tenemos a Miriam explicando el sem\u00e1foro nutricional, un etiquetado que pr\u00f3ximamente encontraremos en los supermercados.<\/figcaption><\/figure>\n\n\n\n<figure class=\"wp-block-image\"><img loading=\"lazy\" decoding=\"async\" width=\"1024\" height=\"768\" src=\"http:\/\/iesolajara.es\/wp-content\/uploads\/2019\/01\/charla-2-1024x768.jpg\" alt=\"\" class=\"wp-image-1197\" srcset=\"https:\/\/iesolajara.es\/wp-content\/uploads\/2019\/01\/charla-2-1024x768.jpg 1024w, https:\/\/iesolajara.es\/wp-content\/uploads\/2019\/01\/charla-2-300x225.jpg 300w, https:\/\/iesolajara.es\/wp-content\/uploads\/2019\/01\/charla-2-768x576.jpg 768w, https:\/\/iesolajara.es\/wp-content\/uploads\/2019\/01\/charla-2-1536x1152.jpg 1536w, https:\/\/iesolajara.es\/wp-content\/uploads\/2019\/01\/charla-2-2048x1536.jpg 2048w, https:\/\/iesolajara.es\/wp-content\/uploads\/2019\/01\/charla-2-678x509.jpg 678w, https:\/\/iesolajara.es\/wp-content\/uploads\/2019\/01\/charla-2-326x245.jpg 326w, https:\/\/iesolajara.es\/wp-content\/uploads\/2019\/01\/charla-2-80x60.jpg 80w\" sizes=\"auto, (max-width: 1024px) 100vw, 1024px\" \/><figcaption>Aqu\u00ed nos ense\u00f1\u00f3 algunos ejemplos de fichas nutricionales en BADALI<\/figcaption><\/figure>\n\n\n\n<figure class=\"wp-block-image\"><img loading=\"lazy\" decoding=\"async\" width=\"1024\" height=\"768\" src=\"http:\/\/iesolajara.es\/wp-content\/uploads\/2019\/01\/charla-3-1024x768.jpg\" alt=\"\" class=\"wp-image-1198\" srcset=\"https:\/\/iesolajara.es\/wp-content\/uploads\/2019\/01\/charla-3-1024x768.jpg 1024w, https:\/\/iesolajara.es\/wp-content\/uploads\/2019\/01\/charla-3-300x225.jpg 300w, https:\/\/iesolajara.es\/wp-content\/uploads\/2019\/01\/charla-3-768x576.jpg 768w, https:\/\/iesolajara.es\/wp-content\/uploads\/2019\/01\/charla-3-1536x1152.jpg 1536w, https:\/\/iesolajara.es\/wp-content\/uploads\/2019\/01\/charla-3-2048x1536.jpg 2048w, https:\/\/iesolajara.es\/wp-content\/uploads\/2019\/01\/charla-3-678x509.jpg 678w, https:\/\/iesolajara.es\/wp-content\/uploads\/2019\/01\/charla-3-326x245.jpg 326w, https:\/\/iesolajara.es\/wp-content\/uploads\/2019\/01\/charla-3-80x60.jpg 80w\" sizes=\"auto, (max-width: 1024px) 100vw, 1024px\" \/><figcaption>Los alumnos estuvieron muy atentos como se aprecia en la fotograf\u00eda.<\/figcaption><\/figure>\n","protected":false},"excerpt":{"rendered":"<div class=\"mh-excerpt\"><p>El pasado 12 de diciembre nos visit\u00f3 Miriam Aroca Collado, natural de Villanueva de la Jara y graduada en tecnolog\u00eda de alimentos. Nos ofreci\u00f3 una <a class=\"mh-excerpt-more\" href=\"https:\/\/iesolajara.es\/?p=1194\" title=\"Charla sobre alimentaci\u00f3n saludable\">[&#8230;]<\/a><\/p>\n<\/div>","protected":false},"author":8,"featured_media":1195,"comment_status":"open","ping_status":"open","sticky":false,"template":"","format":"standard","meta":{"footnotes":""},"categories":[1],"tags":[],"class_list":["post-1194","post","type-post","status-publish","format-standard","has-post-thumbnail","hentry","category-general"],"_links":{"self":[{"href":"https:\/\/iesolajara.es\/index.php?rest_route=\/wp\/v2\/posts\/1194","targetHints":{"allow":["GET"]}}],"collection":[{"href":"https:\/\/iesolajara.es\/index.php?rest_route=\/wp\/v2\/posts"}],"about":[{"href":"https:\/\/iesolajara.es\/index.php?rest_route=\/wp\/v2\/types\/post"}],"author":[{"embeddable":true,"href":"https:\/\/iesolajara.es\/index.php?rest_route=\/wp\/v2\/users\/8"}],"replies":[{"embeddable":true,"href":"https:\/\/iesolajara.es\/index.php?rest_route=%2Fwp%2Fv2%2Fcomments&post=1194"}],"version-history":[{"count":2,"href":"https:\/\/iesolajara.es\/index.php?rest_route=\/wp\/v2\/posts\/1194\/revisions"}],"predecessor-version":[{"id":1201,"href":"https:\/\/iesolajara.es\/index.php?rest_route=\/wp\/v2\/posts\/1194\/revisions\/1201"}],"wp:featuredmedia":[{"embeddable":true,"href":"https:\/\/iesolajara.es\/index.php?rest_route=\/wp\/v2\/media\/1195"}],"wp:attachment":[{"href":"https:\/\/iesolajara.es\/index.php?rest_route=%2Fwp%2Fv2%2Fmedia&parent=1194"}],"wp:term":[{"taxonomy":"category","embeddable":true,"href":"https:\/\/iesolajara.es\/index.php?rest_route=%2Fwp%2Fv2%2Fcategories&post=1194"},{"taxonomy":"post_tag","embeddable":true,"href":"https:\/\/iesolajara.es\/index.php?rest_route=%2Fwp%2Fv2%2Ftags&post=1194"}],"curies":[{"name":"wp","href":"https:\/\/api.w.org\/{rel}","templated":true}]}}