{"id":1030,"date":"2018-10-03T20:08:21","date_gmt":"2018-10-03T20:08:21","guid":{"rendered":"http:\/\/iesolajara.es\/?p=1030"},"modified":"2018-10-03T20:08:21","modified_gmt":"2018-10-03T20:08:21","slug":"terra-mobilis-2018","status":"publish","type":"post","link":"https:\/\/iesolajara.es\/?p=1030","title":{"rendered":"Terra Mobilis 2018"},"content":{"rendered":"<p>Conscientes de que uno de los grandes problemas de la actualidad es el cuidado y conservaci\u00f3n del medio ambiente, hemos acogido con gran inter\u00e9s en el IESO la exposici\u00f3n itinerante \u201cTerra Mobilis 2018\u201d. Promovida por la Direcci\u00f3n Provincial de Agricultura, Medio Ambiente y Desarrollo Rural de Cuenca de la Junta de Comunidades de Castilla-La Mancha, ha sido una genial experiencia interactiva para los alumnos del centro.<\/p>\n<p>Su tem\u00e1tica principal se ha centrado en el Parque Natural de la Serran\u00eda de Cuenca, considerado uno de los espacios naturales protegidos m\u00e1s emblem\u00e1ticos de la provincia. A trav\u00e9s de la recreaci\u00f3n de este paraje, se han planteado divertidos juegos de adivinanzas, donde conocimos a fondo la fauna del lugar, aprendimos c\u00f3mo observar e interpretar sus costumbres, y a trav\u00e9s de un pr\u00e1ctico taller nos hicieron so\u00f1ar con ser paleont\u00f3logos por un d\u00eda. Todo de la mano de Nuria e Irene, las monitoras que nos acompa\u00f1aron durante toda la jornada. Fant\u00e1stica experiencia que nos motivaron a repetir, esta vez, rodeados de naturaleza.<\/p>\n<p><img loading=\"lazy\" decoding=\"async\" class=\"alignnone size-medium wp-image-1037\" src=\"http:\/\/iesolajara.es\/wp-content\/uploads\/2018\/10\/MVIMG_20181003_101149-300x225.jpg\" alt=\"\" width=\"300\" height=\"225\" srcset=\"https:\/\/iesolajara.es\/wp-content\/uploads\/2018\/10\/MVIMG_20181003_101149-300x225.jpg 300w, https:\/\/iesolajara.es\/wp-content\/uploads\/2018\/10\/MVIMG_20181003_101149-768x576.jpg 768w, https:\/\/iesolajara.es\/wp-content\/uploads\/2018\/10\/MVIMG_20181003_101149-1024x768.jpg 1024w, https:\/\/iesolajara.es\/wp-content\/uploads\/2018\/10\/MVIMG_20181003_101149-678x509.jpg 678w, https:\/\/iesolajara.es\/wp-content\/uploads\/2018\/10\/MVIMG_20181003_101149-326x245.jpg 326w, https:\/\/iesolajara.es\/wp-content\/uploads\/2018\/10\/MVIMG_20181003_101149-80x60.jpg 80w, https:\/\/iesolajara.es\/wp-content\/uploads\/2018\/10\/MVIMG_20181003_101149.jpg 2048w\" sizes=\"auto, (max-width: 300px) 100vw, 300px\" \/><\/p>\n<p><img loading=\"lazy\" decoding=\"async\" class=\"alignnone size-medium wp-image-1036\" src=\"http:\/\/iesolajara.es\/wp-content\/uploads\/2018\/10\/MVIMG_20181003_101211-225x300.jpg\" alt=\"\" width=\"225\" height=\"300\" srcset=\"https:\/\/iesolajara.es\/wp-content\/uploads\/2018\/10\/MVIMG_20181003_101211-225x300.jpg 225w, https:\/\/iesolajara.es\/wp-content\/uploads\/2018\/10\/MVIMG_20181003_101211-768x1024.jpg 768w, https:\/\/iesolajara.es\/wp-content\/uploads\/2018\/10\/MVIMG_20181003_101211.jpg 1536w\" sizes=\"auto, (max-width: 225px) 100vw, 225px\" \/><\/p>\n<p><img loading=\"lazy\" decoding=\"async\" class=\"alignnone size-medium wp-image-1035\" src=\"http:\/\/iesolajara.es\/wp-content\/uploads\/2018\/10\/MVIMG_20181003_101320-225x300.jpg\" alt=\"\" width=\"225\" height=\"300\" srcset=\"https:\/\/iesolajara.es\/wp-content\/uploads\/2018\/10\/MVIMG_20181003_101320-225x300.jpg 225w, https:\/\/iesolajara.es\/wp-content\/uploads\/2018\/10\/MVIMG_20181003_101320-768x1024.jpg 768w, https:\/\/iesolajara.es\/wp-content\/uploads\/2018\/10\/MVIMG_20181003_101320.jpg 1536w\" sizes=\"auto, (max-width: 225px) 100vw, 225px\" \/><\/p>\n<p><img loading=\"lazy\" decoding=\"async\" class=\"alignnone size-medium wp-image-1032\" src=\"http:\/\/iesolajara.es\/wp-content\/uploads\/2018\/10\/MVIMG_20181003_102650-300x225.jpg\" alt=\"\" width=\"300\" height=\"225\" srcset=\"https:\/\/iesolajara.es\/wp-content\/uploads\/2018\/10\/MVIMG_20181003_102650-300x225.jpg 300w, https:\/\/iesolajara.es\/wp-content\/uploads\/2018\/10\/MVIMG_20181003_102650-768x576.jpg 768w, https:\/\/iesolajara.es\/wp-content\/uploads\/2018\/10\/MVIMG_20181003_102650-1024x768.jpg 1024w, https:\/\/iesolajara.es\/wp-content\/uploads\/2018\/10\/MVIMG_20181003_102650-678x509.jpg 678w, https:\/\/iesolajara.es\/wp-content\/uploads\/2018\/10\/MVIMG_20181003_102650-326x245.jpg 326w, https:\/\/iesolajara.es\/wp-content\/uploads\/2018\/10\/MVIMG_20181003_102650-80x60.jpg 80w, https:\/\/iesolajara.es\/wp-content\/uploads\/2018\/10\/MVIMG_20181003_102650.jpg 2048w\" sizes=\"auto, (max-width: 300px) 100vw, 300px\" \/><\/p>\n<p><img loading=\"lazy\" decoding=\"async\" class=\"alignnone size-medium wp-image-1034\" src=\"http:\/\/iesolajara.es\/wp-content\/uploads\/2018\/10\/MVIMG_20181003_102635-300x225.jpg\" alt=\"\" width=\"300\" height=\"225\" srcset=\"https:\/\/iesolajara.es\/wp-content\/uploads\/2018\/10\/MVIMG_20181003_102635-300x225.jpg 300w, https:\/\/iesolajara.es\/wp-content\/uploads\/2018\/10\/MVIMG_20181003_102635-768x576.jpg 768w, https:\/\/iesolajara.es\/wp-content\/uploads\/2018\/10\/MVIMG_20181003_102635-1024x768.jpg 1024w, https:\/\/iesolajara.es\/wp-content\/uploads\/2018\/10\/MVIMG_20181003_102635-678x509.jpg 678w, https:\/\/iesolajara.es\/wp-content\/uploads\/2018\/10\/MVIMG_20181003_102635-326x245.jpg 326w, https:\/\/iesolajara.es\/wp-content\/uploads\/2018\/10\/MVIMG_20181003_102635-80x60.jpg 80w, https:\/\/iesolajara.es\/wp-content\/uploads\/2018\/10\/MVIMG_20181003_102635.jpg 2048w\" sizes=\"auto, (max-width: 300px) 100vw, 300px\" \/><\/p>\n","protected":false},"excerpt":{"rendered":"<div class=\"mh-excerpt\"><p>Conscientes de que uno de los grandes problemas de la actualidad es el cuidado y conservaci\u00f3n del medio ambiente, hemos acogido con gran inter\u00e9s en <a class=\"mh-excerpt-more\" href=\"https:\/\/iesolajara.es\/?p=1030\" title=\"Terra Mobilis 2018\">[&#8230;]<\/a><\/p>\n<\/div>","protected":false},"author":2,"featured_media":1033,"comment_status":"open","ping_status":"open","sticky":false,"template":"","format":"standard","meta":{"footnotes":""},"categories":[1],"tags":[],"class_list":["post-1030","post","type-post","status-publish","format-standard","has-post-thumbnail","hentry","category-general"],"_links":{"self":[{"href":"https:\/\/iesolajara.es\/index.php?rest_route=\/wp\/v2\/posts\/1030","targetHints":{"allow":["GET"]}}],"collection":[{"href":"https:\/\/iesolajara.es\/index.php?rest_route=\/wp\/v2\/posts"}],"about":[{"href":"https:\/\/iesolajara.es\/index.php?rest_route=\/wp\/v2\/types\/post"}],"author":[{"embeddable":true,"href":"https:\/\/iesolajara.es\/index.php?rest_route=\/wp\/v2\/users\/2"}],"replies":[{"embeddable":true,"href":"https:\/\/iesolajara.es\/index.php?rest_route=%2Fwp%2Fv2%2Fcomments&post=1030"}],"version-history":[{"count":1,"href":"https:\/\/iesolajara.es\/index.php?rest_route=\/wp\/v2\/posts\/1030\/revisions"}],"predecessor-version":[{"id":1038,"href":"https:\/\/iesolajara.es\/index.php?rest_route=\/wp\/v2\/posts\/1030\/revisions\/1038"}],"wp:featuredmedia":[{"embeddable":true,"href":"https:\/\/iesolajara.es\/index.php?rest_route=\/wp\/v2\/media\/1033"}],"wp:attachment":[{"href":"https:\/\/iesolajara.es\/index.php?rest_route=%2Fwp%2Fv2%2Fmedia&parent=1030"}],"wp:term":[{"taxonomy":"category","embeddable":true,"href":"https:\/\/iesolajara.es\/index.php?rest_route=%2Fwp%2Fv2%2Fcategories&post=1030"},{"taxonomy":"post_tag","embeddable":true,"href":"https:\/\/iesolajara.es\/index.php?rest_route=%2Fwp%2Fv2%2Ftags&post=1030"}],"curies":[{"name":"wp","href":"https:\/\/api.w.org\/{rel}","templated":true}]}}